{"id":9150,"date":"2026-08-31T21:37:07","date_gmt":"2026-08-31T21:37:07","guid":{"rendered":"https:\/\/comprenautica.com.br\/blog\/?p=9150"},"modified":"2026-08-31T21:39:32","modified_gmt":"2026-08-31T21:39:32","slug":"azov-yachts-lanca-z440-ht-e-z310-no-sao-paulo-boat-show-2026","status":"publish","type":"post","link":"https:\/\/comprenautica.com.br\/blog\/azov-yachts-lanca-z440-ht-e-z310-no-sao-paulo-boat-show-2026\/","title":{"rendered":"Azov Yachts chega ao S\u00e3o Paulo Boat Show 2026 com portf\u00f3lio que marca fase de expans\u00e3o da marca"},"content":{"rendered":"\n<figure class=\"wp-block-image size-large\"><img fetchpriority=\"high\" decoding=\"async\" width=\"1024\" height=\"576\" src=\"https:\/\/comprenautica.com.br\/blog\/wp-content\/uploads\/2026\/08\/z310-1--1024x576.png\" alt=\"Z310 azov yachts - S\u00e3o Paulo Boat Show 2026\" class=\"wp-image-9168\" srcset=\"https:\/\/comprenautica.com.br\/blog\/wp-content\/uploads\/2026\/08\/z310-1--1024x576.png 1024w, https:\/\/comprenautica.com.br\/blog\/wp-content\/uploads\/2026\/08\/z310-1--300x169.png 300w, https:\/\/comprenautica.com.br\/blog\/wp-content\/uploads\/2026\/08\/z310-1--768x432.png 768w, https:\/\/comprenautica.com.br\/blog\/wp-content\/uploads\/2026\/08\/z310-1--150x84.png 150w, https:\/\/comprenautica.com.br\/blog\/wp-content\/uploads\/2026\/08\/z310-1-.png 1280w\" sizes=\"(max-width: 1024px) 100vw, 1024px\" \/><figcaption class=\"wp-element-caption\">Foto: Azov Yachts | Divulga\u00e7\u00e3o <\/figcaption><\/figure>\n\n\n\n<p>A Azov Yachts prepara uma apresenta\u00e7\u00e3o de um portf\u00f3lio para o <strong>S\u00e3o Paulo Boat Show 2026 <\/strong>que evidencia a fase de crescimento do estaleiro. Com embarca\u00e7\u00f5es que v\u00e3o dos 26 aos 44 p\u00e9s, combinando modelos j\u00e1 estabelecidos no mercado com novos projetos que ampliam sua atua\u00e7\u00e3o em diferentes categorias do segmento n\u00e1utico.&nbsp;<\/p>\n\n\n\n<p>Entre as novidades est\u00e1 a <strong>Azov Z310<\/strong>, novo modelo de <strong>31 p\u00e9s<\/strong>, com <strong>9,60 metros de comprimento e 3,15 metros de boca<\/strong>, que amplia a atua\u00e7\u00e3o do estaleiro em uma faixa estrat\u00e9gica do mercado. <\/p>\n\n\n\n<figure class=\"wp-block-gallery has-nested-images columns-default is-cropped wp-block-gallery-1 is-layout-flex wp-block-gallery-is-layout-flex\">\n<figure class=\"wp-block-image size-large\"><img decoding=\"async\" width=\"1024\" height=\"576\" data-id=\"9176\" src=\"https:\/\/comprenautica.com.br\/blog\/wp-content\/uploads\/2026\/08\/z-310-2-2-1024x576.png\" alt=\"Z310 S\u00e3o Paulo Boat Show 2026\" class=\"wp-image-9176\" srcset=\"https:\/\/comprenautica.com.br\/blog\/wp-content\/uploads\/2026\/08\/z-310-2-2-1024x576.png 1024w, https:\/\/comprenautica.com.br\/blog\/wp-content\/uploads\/2026\/08\/z-310-2-2-300x169.png 300w, https:\/\/comprenautica.com.br\/blog\/wp-content\/uploads\/2026\/08\/z-310-2-2-768x432.png 768w, https:\/\/comprenautica.com.br\/blog\/wp-content\/uploads\/2026\/08\/z-310-2-2-150x84.png 150w, https:\/\/comprenautica.com.br\/blog\/wp-content\/uploads\/2026\/08\/z-310-2-2.png 1280w\" sizes=\"(max-width: 1024px) 100vw, 1024px\" \/><figcaption class=\"wp-element-caption\">Foto: Azov Yachts | Divulga\u00e7\u00e3o<\/figcaption><\/figure>\n\n\n\n<figure class=\"wp-block-image size-large\"><img decoding=\"async\" width=\"1024\" height=\"576\" data-id=\"9174\" src=\"https:\/\/comprenautica.com.br\/blog\/wp-content\/uploads\/2026\/08\/lanca-azov-lancamento-2-1024x576.jpg\" alt=\"Z310 - S\u00e3o Paulo Boat Show 2026\" class=\"wp-image-9174\" srcset=\"https:\/\/comprenautica.com.br\/blog\/wp-content\/uploads\/2026\/08\/lanca-azov-lancamento-2-1024x576.jpg 1024w, https:\/\/comprenautica.com.br\/blog\/wp-content\/uploads\/2026\/08\/lanca-azov-lancamento-2-300x169.jpg 300w, https:\/\/comprenautica.com.br\/blog\/wp-content\/uploads\/2026\/08\/lanca-azov-lancamento-2-768x432.jpg 768w, https:\/\/comprenautica.com.br\/blog\/wp-content\/uploads\/2026\/08\/lanca-azov-lancamento-2-150x84.jpg 150w, https:\/\/comprenautica.com.br\/blog\/wp-content\/uploads\/2026\/08\/lanca-azov-lancamento-2.jpg 1280w\" sizes=\"(max-width: 1024px) 100vw, 1024px\" \/><\/figure>\n\n\n\n<figure class=\"wp-block-image size-large\"><img loading=\"lazy\" decoding=\"async\" width=\"1024\" height=\"576\" data-id=\"9175\" src=\"https:\/\/comprenautica.com.br\/blog\/wp-content\/uploads\/2026\/08\/lancha-31-pes-sao-paulo-boat-show-3-1024x576.jpg\" alt=\"Z310 - S\u00e3o Paulo Boat Show 2026\" class=\"wp-image-9175\" srcset=\"https:\/\/comprenautica.com.br\/blog\/wp-content\/uploads\/2026\/08\/lancha-31-pes-sao-paulo-boat-show-3-1024x576.jpg 1024w, https:\/\/comprenautica.com.br\/blog\/wp-content\/uploads\/2026\/08\/lancha-31-pes-sao-paulo-boat-show-3-300x169.jpg 300w, https:\/\/comprenautica.com.br\/blog\/wp-content\/uploads\/2026\/08\/lancha-31-pes-sao-paulo-boat-show-3-768x432.jpg 768w, https:\/\/comprenautica.com.br\/blog\/wp-content\/uploads\/2026\/08\/lancha-31-pes-sao-paulo-boat-show-3-150x84.jpg 150w, https:\/\/comprenautica.com.br\/blog\/wp-content\/uploads\/2026\/08\/lancha-31-pes-sao-paulo-boat-show-3.jpg 1280w\" sizes=\"(max-width: 1024px) 100vw, 1024px\" \/><\/figure>\n<\/figure>\n\n\n\n<p><\/p>\n\n\n\n<p>A movimenta\u00e7\u00e3o d\u00e1 continuidade \u00e0 expans\u00e3o da Azov Yachts nessa categoria: no <strong>S\u00e3o Paulo Boat Show 2025<\/strong>, a marca apresentou a <strong><a href=\"https:\/\/www.youtube.com\/watch?v=UmJvAwN5TQg\" type=\"link\" id=\"https:\/\/www.youtube.com\/watch?v=UmJvAwN5TQg\">Z290 Cabin<\/a><\/strong>, de 29 p\u00e9s, projeto que posteriormente ganhou tamb\u00e9m uma <strong>vers\u00e3o Open<\/strong>. Agora, o estaleiro avan\u00e7a mais um passo com a chegada da Z310, criando uma nova op\u00e7\u00e3o dentro do portf\u00f3lio antes da <strong>Z380S.\u00a0<\/strong><\/p>\n\n\n\n<div style=\"height:23px\" aria-hidden=\"true\" class=\"wp-block-spacer\"><\/div>\n\n\n\n<h2 class=\"wp-block-heading\"><strong>Z380 retorna ao S\u00e3o Paulo Boat Show como modelo consolidado da marca\u00a0<\/strong><\/h2>\n\n\n\n<figure class=\"wp-block-image size-full\"><img loading=\"lazy\" decoding=\"async\" width=\"920\" height=\"613\" src=\"https:\/\/comprenautica.com.br\/blog\/wp-content\/uploads\/2026\/08\/Z380.bx_.webp\" alt=\"Azov Z380 S\u00e3o Paulo Boat Show 2026\" class=\"wp-image-9157\" srcset=\"https:\/\/comprenautica.com.br\/blog\/wp-content\/uploads\/2026\/08\/Z380.bx_.webp 920w, https:\/\/comprenautica.com.br\/blog\/wp-content\/uploads\/2026\/08\/Z380.bx_-300x200.webp 300w, https:\/\/comprenautica.com.br\/blog\/wp-content\/uploads\/2026\/08\/Z380.bx_-768x512.webp 768w, https:\/\/comprenautica.com.br\/blog\/wp-content\/uploads\/2026\/08\/Z380.bx_-150x100.webp 150w\" sizes=\"(max-width: 920px) 100vw, 920px\" \/><figcaption class=\"wp-element-caption\">Foto: Azov Yachts | Divulga\u00e7\u00e3o<\/figcaption><\/figure>\n\n\n\n<p>Na faixa entre <strong>30 e 40 p\u00e9s<\/strong>, a Azov tamb\u00e9m apresentar\u00e1 a <strong><a href=\"https:\/\/comprenautica.com.br\/search?pesquisa=z380\" type=\"link\" id=\"https:\/\/comprenautica.com.br\/search?pesquisa=z380\">Z380<\/a><\/strong>, de 38 p\u00e9s. Diferentemente da Z310, que chega como novidade ao mercado, a 38 p\u00e9s representa uma categoria na qual o estaleiro j\u00e1 construiu presen\u00e7a.\u00a0<\/p>\n\n\n\n<p>Com <strong>casco Deep V de 24\u00b0<\/strong>, a Z380 refor\u00e7a sua voca\u00e7\u00e3o offshore, priorizando estabilidade, seguran\u00e7a e conforto durante a navega\u00e7\u00e3o, atributos que ajudaram a consolidar a proposta de navegabilidade da Azov Yachts. Essa embarca\u00e7\u00e3o possui <strong>11,60 metros de comprimento e 3,56 metros de boca<\/strong>, se destacando pela volumetria e pelo amplo aproveitamento dos espa\u00e7os a bordo. O modelo est\u00e1 dispon\u00edvel em <strong>duas vers\u00f5es, Open e Cabinada<\/strong>, atendendo a diferentes perfis de uso e experi\u00eancias de navega\u00e7\u00e3o. Enquanto a vers\u00e3o Open privilegia \u00e1reas abertas de conviv\u00eancia e maior integra\u00e7\u00e3o com o mar, a Cabinada amplia o conforto e a versatilidade para quem busca ambientes internos mais reservados.&nbsp;<\/p>\n\n\n\n<p>A presen\u00e7a simult\u00e2nea da <strong>Z310 e da Z380 <\/strong>permitir\u00e1 ainda ao p\u00fablico do S\u00e3o Paulo Boat Show conhecer duas propostas da Azov para quem procura embarca\u00e7\u00f5es acima dos 30 p\u00e9s: uma nova porta de entrada para a categoria e um projeto de 38 p\u00e9s j\u00e1 estabelecido no portf\u00f3lio.<\/p>\n\n\n\n<div style=\"height:23px\" aria-hidden=\"true\" class=\"wp-block-spacer\"><\/div>\n\n\n\n<h2 class=\"wp-block-heading\"><strong>Z440 HT \u00e9 a principal aposta da Azov Yachts para 2026&nbsp;<\/strong><\/h2>\n\n\n\n<figure class=\"wp-block-gallery has-nested-images columns-default is-cropped wp-block-gallery-2 is-layout-flex wp-block-gallery-is-layout-flex\">\n<figure class=\"wp-block-image size-large\"><img loading=\"lazy\" decoding=\"async\" width=\"920\" height=\"610\" data-id=\"9178\" src=\"https:\/\/comprenautica.com.br\/blog\/wp-content\/uploads\/2026\/08\/Z440-HT-3.bx_-1.webp\" alt=\"Z440 S\u00e3o Paulo Boat Show 2026\" class=\"wp-image-9178\" srcset=\"https:\/\/comprenautica.com.br\/blog\/wp-content\/uploads\/2026\/08\/Z440-HT-3.bx_-1.webp 920w, https:\/\/comprenautica.com.br\/blog\/wp-content\/uploads\/2026\/08\/Z440-HT-3.bx_-1-300x199.webp 300w, https:\/\/comprenautica.com.br\/blog\/wp-content\/uploads\/2026\/08\/Z440-HT-3.bx_-1-768x509.webp 768w, https:\/\/comprenautica.com.br\/blog\/wp-content\/uploads\/2026\/08\/Z440-HT-3.bx_-1-150x99.webp 150w\" sizes=\"(max-width: 920px) 100vw, 920px\" \/><figcaption class=\"wp-element-caption\">Foto: Azov Yachts | Divulga\u00e7\u00e3o<\/figcaption><\/figure>\n\n\n\n<figure class=\"wp-block-image size-large\"><img loading=\"lazy\" decoding=\"async\" width=\"920\" height=\"610\" data-id=\"9179\" src=\"https:\/\/comprenautica.com.br\/blog\/wp-content\/uploads\/2026\/08\/Z440-HT-9.bx_.jpg\" alt=\"Z440 HT S\u00e3o Paulo Boat Show 2026\" class=\"wp-image-9179\" srcset=\"https:\/\/comprenautica.com.br\/blog\/wp-content\/uploads\/2026\/08\/Z440-HT-9.bx_.jpg 920w, https:\/\/comprenautica.com.br\/blog\/wp-content\/uploads\/2026\/08\/Z440-HT-9.bx_-300x199.jpg 300w, https:\/\/comprenautica.com.br\/blog\/wp-content\/uploads\/2026\/08\/Z440-HT-9.bx_-768x509.jpg 768w, https:\/\/comprenautica.com.br\/blog\/wp-content\/uploads\/2026\/08\/Z440-HT-9.bx_-150x99.jpg 150w\" sizes=\"(max-width: 920px) 100vw, 920px\" \/><\/figure>\n\n\n\n<figure class=\"wp-block-image size-large\"><img loading=\"lazy\" decoding=\"async\" width=\"920\" height=\"610\" data-id=\"9180\" src=\"https:\/\/comprenautica.com.br\/blog\/wp-content\/uploads\/2026\/08\/Z440-HT-8.bx_.jpg\" alt=\"Z440 HT S\u00e3o Paulo Boat Show 2026\" class=\"wp-image-9180\" srcset=\"https:\/\/comprenautica.com.br\/blog\/wp-content\/uploads\/2026\/08\/Z440-HT-8.bx_.jpg 920w, https:\/\/comprenautica.com.br\/blog\/wp-content\/uploads\/2026\/08\/Z440-HT-8.bx_-300x199.jpg 300w, https:\/\/comprenautica.com.br\/blog\/wp-content\/uploads\/2026\/08\/Z440-HT-8.bx_-768x509.jpg 768w, https:\/\/comprenautica.com.br\/blog\/wp-content\/uploads\/2026\/08\/Z440-HT-8.bx_-150x99.jpg 150w\" sizes=\"(max-width: 920px) 100vw, 920px\" \/><\/figure>\n<\/figure>\n\n\n\n<p>Embora a expans\u00e3o entre os modelos de 30 e 40 p\u00e9s seja um dos destaques da participa\u00e7\u00e3o da marca, a <strong>grande aposta da Azov Yachts no S\u00e3o Paulo Boat Show 2026 ser\u00e1 a nova Z440 HT<\/strong>, de 44 p\u00e9s.&nbsp;<\/p>\n\n\n\n<p>Apresentada como um novo cap\u00edtulo para o estaleiro, a <strong>Z440 HT \u00e9 uma embarca\u00e7\u00e3o 100% brasileira<\/strong>, desenvolvida e produzida dentro do padr\u00e3o construtivo da Azov Yachts. O projeto ganha ainda uma assinatura in\u00e9dita para a marca: a <strong>arquitetura \u00e9 assinada pelo arquiteto pernambucano Romero Duarte<\/strong>.&nbsp;<\/p>\n\n\n\n<p>Entre os destaques do projeto est\u00e3o <strong>duas su\u00edtes, p\u00e9-direito interno com 2,35m, capacidade para at\u00e9 20 pessoas durante o dia e acomoda\u00e7\u00e3o para pernoite de at\u00e9 seis pessoas<\/strong>. Na \u00e1rea externa, o projeto incorpora ainda um <strong>open deck de aproximadamente tr\u00eas metros <\/strong>e uma <strong>plataforma submerg\u00edvel de 1,10 metro<\/strong>, ampliando a integra\u00e7\u00e3o da embarca\u00e7\u00e3o com o mar.&nbsp;<\/p>\n\n\n\n<p>A Z440 HT ser\u00e1 apresentada oficialmente ao p\u00fablico durante o evento e representa um passo importante na evolu\u00e7\u00e3o do portf\u00f3lio da Azov Yachts, tanto em dimens\u00f5es quanto em proposta de uso.&nbsp;<\/p>\n\n\n\n<div style=\"height:23px\" aria-hidden=\"true\" class=\"wp-block-spacer\"><\/div>\n\n\n\n<h2 class=\"wp-block-heading\"><strong>Z260 Open completa exposi\u00e7\u00e3o da marca no S\u00e3o Paulo Boat Show 2026\u00a0<\/strong><\/h2>\n\n\n\n<figure class=\"wp-block-image size-large\"><img loading=\"lazy\" decoding=\"async\" width=\"1024\" height=\"622\" src=\"https:\/\/comprenautica.com.br\/blog\/wp-content\/uploads\/2026\/08\/sitemgr_Azov-drone-11_1747326941-1024x622.webp\" alt=\"Azov Z260 S\u00e3o Paulo Boat Show 2026\" class=\"wp-image-9159\" srcset=\"https:\/\/comprenautica.com.br\/blog\/wp-content\/uploads\/2026\/08\/sitemgr_Azov-drone-11_1747326941-1024x622.webp 1024w, https:\/\/comprenautica.com.br\/blog\/wp-content\/uploads\/2026\/08\/sitemgr_Azov-drone-11_1747326941-300x182.webp 300w, https:\/\/comprenautica.com.br\/blog\/wp-content\/uploads\/2026\/08\/sitemgr_Azov-drone-11_1747326941-768x466.webp 768w, https:\/\/comprenautica.com.br\/blog\/wp-content\/uploads\/2026\/08\/sitemgr_Azov-drone-11_1747326941-1536x933.webp 1536w, https:\/\/comprenautica.com.br\/blog\/wp-content\/uploads\/2026\/08\/sitemgr_Azov-drone-11_1747326941-150x91.webp 150w, https:\/\/comprenautica.com.br\/blog\/wp-content\/uploads\/2026\/08\/sitemgr_Azov-drone-11_1747326941.webp 1660w\" sizes=\"(max-width: 1024px) 100vw, 1024px\" \/><figcaption class=\"wp-element-caption\">Foto: Marcos Maia | Compre N\u00e1utica<\/figcaption><\/figure>\n\n\n\n<p>Na outra ponta do portf\u00f3lio, a Azov levar\u00e1 tamb\u00e9m ao S\u00e3o Paulo Boat Show a <strong><a href=\"https:\/\/comprenautica.com.br\/blog\/azov-z260-open-impressiona-por-desempenho-e-sofisticacao\/\" type=\"link\" id=\"https:\/\/comprenautica.com.br\/blog\/azov-z260-open-impressiona-por-desempenho-e-sofisticacao\/\">Z260 Open<\/a><\/strong>, modelo de 26 p\u00e9s que se diferencia pelo aproveitamento de espa\u00e7o.\u00a0<\/p>\n\n\n\n<p>Com <strong>8,42 metros de comprimento e 2,80 metros de boca<\/strong>, a Z260 apresenta uma volumetria pouco convencional para uma embarca\u00e7\u00e3o dessa categoria. O projeto possui um dos maiores cockpits do segmento e capacidade para <strong>13+1<\/strong>..&nbsp;<\/p>\n\n\n\n<div style=\"height:23px\" aria-hidden=\"true\" class=\"wp-block-spacer\"><\/div>\n\n\n\n<h2 class=\"wp-block-heading\"><strong>Portf\u00f3lio em expans\u00e3o&nbsp;<\/strong><\/h2>\n\n\n\n<p>A participa\u00e7\u00e3o no S\u00e3o Paulo Boat Show 2026 refor\u00e7a um momento de <strong>amplia\u00e7\u00e3o do portf\u00f3lio da <a href=\"https:\/\/www.azovyachts.com\/\" type=\"link\" id=\"https:\/\/www.azovyachts.com\/\">Azov Yachts<\/a><\/strong>, que avan\u00e7a para novas categorias sem abrir m\u00e3o dos pilares que sustentam seu posicionamento. Mesmo com o crescimento da linha, o estaleiro preserva o conceito de <strong>\u201cateli\u00ea n\u00e1utico\u201d<\/strong>: uma produ\u00e7\u00e3o controlada e verticalizada, com aten\u00e7\u00e3o aos detalhes, possibilidades reais de personaliza\u00e7\u00e3o e proximidade com cada cliente. Uma estrat\u00e9gia que busca crescer mantendo o cuidado artesanal e a identidade que a Azov Yachts imprime em cada embarca\u00e7\u00e3o.<\/p>\n\n\n\n<figure class=\"wp-block-gallery has-nested-images columns-default is-cropped wp-block-gallery-3 is-layout-flex wp-block-gallery-is-layout-flex\">\n<figure class=\"wp-block-image size-large\"><img loading=\"lazy\" decoding=\"async\" width=\"920\" height=\"610\" data-id=\"9182\" src=\"https:\/\/comprenautica.com.br\/blog\/wp-content\/uploads\/2026\/08\/Z440-HT-2.bx_.jpg\" alt=\"Azov Yachts - F\u00e1brica \" class=\"wp-image-9182\" srcset=\"https:\/\/comprenautica.com.br\/blog\/wp-content\/uploads\/2026\/08\/Z440-HT-2.bx_.jpg 920w, https:\/\/comprenautica.com.br\/blog\/wp-content\/uploads\/2026\/08\/Z440-HT-2.bx_-300x199.jpg 300w, https:\/\/comprenautica.com.br\/blog\/wp-content\/uploads\/2026\/08\/Z440-HT-2.bx_-768x509.jpg 768w, https:\/\/comprenautica.com.br\/blog\/wp-content\/uploads\/2026\/08\/Z440-HT-2.bx_-150x99.jpg 150w\" sizes=\"(max-width: 920px) 100vw, 920px\" \/><figcaption class=\"wp-element-caption\">Fotos: Azov Yachts | Divulga\u00e7\u00e3o<\/figcaption><\/figure>\n\n\n\n<figure class=\"wp-block-image size-large\"><img loading=\"lazy\" decoding=\"async\" width=\"920\" height=\"610\" data-id=\"9183\" src=\"https:\/\/comprenautica.com.br\/blog\/wp-content\/uploads\/2026\/08\/Z440-HT-6.bx_.jpg\" alt=\"Azov Yachts - F\u00e1brica\" class=\"wp-image-9183\" srcset=\"https:\/\/comprenautica.com.br\/blog\/wp-content\/uploads\/2026\/08\/Z440-HT-6.bx_.jpg 920w, https:\/\/comprenautica.com.br\/blog\/wp-content\/uploads\/2026\/08\/Z440-HT-6.bx_-300x199.jpg 300w, https:\/\/comprenautica.com.br\/blog\/wp-content\/uploads\/2026\/08\/Z440-HT-6.bx_-768x509.jpg 768w, https:\/\/comprenautica.com.br\/blog\/wp-content\/uploads\/2026\/08\/Z440-HT-6.bx_-150x99.jpg 150w\" sizes=\"(max-width: 920px) 100vw, 920px\" \/><\/figure>\n\n\n\n<figure class=\"wp-block-image size-large\"><img loading=\"lazy\" decoding=\"async\" width=\"920\" height=\"610\" data-id=\"9184\" src=\"https:\/\/comprenautica.com.br\/blog\/wp-content\/uploads\/2026\/08\/Z440-HT-4.bx_.jpg\" alt=\"Azov Yachts - F\u00e1brica \" class=\"wp-image-9184\" srcset=\"https:\/\/comprenautica.com.br\/blog\/wp-content\/uploads\/2026\/08\/Z440-HT-4.bx_.jpg 920w, https:\/\/comprenautica.com.br\/blog\/wp-content\/uploads\/2026\/08\/Z440-HT-4.bx_-300x199.jpg 300w, https:\/\/comprenautica.com.br\/blog\/wp-content\/uploads\/2026\/08\/Z440-HT-4.bx_-768x509.jpg 768w, https:\/\/comprenautica.com.br\/blog\/wp-content\/uploads\/2026\/08\/Z440-HT-4.bx_-150x99.jpg 150w\" sizes=\"(max-width: 920px) 100vw, 920px\" \/><\/figure>\n<\/figure>\n\n\n\n<div style=\"height:33px\" aria-hidden=\"true\" class=\"wp-block-spacer\"><\/div>\n\n\n\n<p>Encontre sua Azov no mais completo ecossistema nautico do Brasil. <a href=\"https:\/\/comprenautica.com.br\/search?search=azov&amp;sort=relevance&amp;type=embarcacoes\" type=\"link\" id=\"https:\/\/comprenautica.com.br\/search?search=azov&amp;sort=relevance&amp;type=embarcacoes\">Clique aqui!<\/a><\/p>\n\n\n\n<div style=\"height:26px\" aria-hidden=\"true\" class=\"wp-block-spacer\"><\/div>\n\n\n    <div class=\"vt-veja-tambem vt-align-left\" style=\"--vt-bar-color: #1d4ed8;\">\n        <div class=\"vt-heading-wrap\">\n            <h3 class=\"vt-title\">Veja tamb\u00e9m<\/h3>\n            <span class=\"vt-bar\" aria-hidden=\"true\"><\/span>\n        <\/div>\n\n        <ul class=\"vt-list\">\n                            <li class=\"vt-item\">\n                    <a class=\"vt-link\" href=\"https:\/\/comprenautica.com.br\/blog\/azov-z290-cabinada-testamos-o-barco-offshore-no-rio-boat-show-2026\/\">\n                        <span class=\"vt-icon\" aria-hidden=\"true\">\n                            <svg width=\"20\" height=\"20\" viewBox=\"0 0 24 24\" fill=\"none\" role=\"presentation\">\n                                <circle cx=\"12\" cy=\"12\" r=\"9.25\" stroke=\"currentColor\" stroke-width=\"1.5\"><\/circle>\n                                <path d=\"M10 8L14 12L10 16\" stroke=\"currentColor\" stroke-width=\"1.5\" stroke-linecap=\"round\" stroke-linejoin=\"round\"><\/path>\n                            <\/svg>\n                        <\/span>\n                        <span class=\"vt-text\">Azov Z290 Cabinada: testamos o barco offshore no Rio Boat Show 2026<\/span>\n                    <\/a>\n                <\/li>\n                            <li class=\"vt-item\">\n                    <a class=\"vt-link\" href=\"https:\/\/comprenautica.com.br\/blog\/como-o-ultrassom-pode-prevenir-as-cracas\/\">\n                        <span class=\"vt-icon\" aria-hidden=\"true\">\n                            <svg width=\"20\" height=\"20\" viewBox=\"0 0 24 24\" fill=\"none\" role=\"presentation\">\n                                <circle cx=\"12\" cy=\"12\" r=\"9.25\" stroke=\"currentColor\" stroke-width=\"1.5\"><\/circle>\n                                <path d=\"M10 8L14 12L10 16\" stroke=\"currentColor\" stroke-width=\"1.5\" stroke-linecap=\"round\" stroke-linejoin=\"round\"><\/path>\n                            <\/svg>\n                        <\/span>\n                        <span class=\"vt-text\">O que s\u00e3o Cracas e como o ultrassom pode preveni-las?<\/span>\n                    <\/a>\n                <\/li>\n                            <li class=\"vt-item\">\n                    <a class=\"vt-link\" href=\"https:\/\/comprenautica.com.br\/blog\/feira-de-profissoes-da-marinha-2026\/\">\n                        <span class=\"vt-icon\" aria-hidden=\"true\">\n                            <svg width=\"20\" height=\"20\" viewBox=\"0 0 24 24\" fill=\"none\" role=\"presentation\">\n                                <circle cx=\"12\" cy=\"12\" r=\"9.25\" stroke=\"currentColor\" stroke-width=\"1.5\"><\/circle>\n                                <path d=\"M10 8L14 12L10 16\" stroke=\"currentColor\" stroke-width=\"1.5\" stroke-linecap=\"round\" stroke-linejoin=\"round\"><\/path>\n                            <\/svg>\n                        <\/span>\n                        <span class=\"vt-text\">Marinha realiza primeira Feira de Profiss\u00f5es no Rio de Janeiro; saiba como participar<\/span>\n                    <\/a>\n                <\/li>\n                            <li class=\"vt-item\">\n                    <a class=\"vt-link\" href=\"https:\/\/comprenautica.com.br\/blog\/summit-economia-azul-salvador\/\">\n                        <span class=\"vt-icon\" aria-hidden=\"true\">\n                            <svg width=\"20\" height=\"20\" viewBox=\"0 0 24 24\" fill=\"none\" role=\"presentation\">\n                                <circle cx=\"12\" cy=\"12\" r=\"9.25\" stroke=\"currentColor\" stroke-width=\"1.5\"><\/circle>\n                                <path d=\"M10 8L14 12L10 16\" stroke=\"currentColor\" stroke-width=\"1.5\" stroke-linecap=\"round\" stroke-linejoin=\"round\"><\/path>\n                            <\/svg>\n                        <\/span>\n                        <span class=\"vt-text\">Summit Economia Azul re\u00fane setor mar\u00edtimo em Salvador para discutir oportunidades da Economia do Mar<\/span>\n                    <\/a>\n                <\/li>\n                    <\/ul>\n    <\/div>\n    \n\n\n<p><\/p>\n","protected":false},"excerpt":{"rendered":"<p>No S\u00e3o Paulo Boat Show 2026, a Azov Yachts consolida sua fase de expans\u00e3o com o lan\u00e7amento dos modelos Z440 HT e Z310, exibindo uma vitrine completa de 26 a 44 p\u00e9s que refor\u00e7a seu DNA de ateli\u00ea n\u00e1utico.<\/p>\n","protected":false},"author":2,"featured_media":9155,"comment_status":"open","ping_status":"open","sticky":false,"template":"","format":"standard","meta":{"_acf_changed":false,"inline_featured_image":false,"footnotes":""},"categories":[4129],"tags":[6513,5510,5541,4276,4133,4136,4189,4208,4176,4132,6517,6514],"class_list":["post-9150","post","type-post","status-publish","format-standard","has-post-thumbnail","hentry","category-noticias","tag-azov","tag-azov-yachts","tag-azov-z480-ht","tag-barco","tag-barcos","tag-compre-nautica","tag-embarcacao","tag-iate","tag-mar","tag-nautica","tag-z260","tag-z310"],"acf":[],"yoast_head":"<!-- This site is optimized with the Yoast SEO plugin v27.5 - https:\/\/yoast.com\/product\/yoast-seo-wordpress\/ -->\n<title>Azov Yachts lan\u00e7a Z440 HT e Z310 no S\u00e3o Paulo Boat Show 2026<\/title>\n<meta name=\"description\" content=\"Estaleiro pernambucano leva ao S\u00e3o Paulo Boat Show 2026 embarca\u00e7\u00f5es de 26 a 44 p\u00e9s e apresenta dois novos projetos, a Z310 e a Z440 HT.\u00a0\" \/>\n<meta name=\"robots\" content=\"index, follow, max-snippet:-1, max-image-preview:large, max-video-preview:-1\" \/>\n<link rel=\"canonical\" href=\"https:\/\/comprenautica.com.br\/blog\/azov-yachts-lanca-z440-ht-e-z310-no-sao-paulo-boat-show-2026\/\" \/>\n<meta property=\"og:locale\" content=\"pt_BR\" \/>\n<meta property=\"og:type\" content=\"article\" \/>\n<meta property=\"og:title\" content=\"Azov Yachts lan\u00e7a Z440 HT e Z310 no S\u00e3o Paulo Boat Show 2026\" \/>\n<meta property=\"og:description\" content=\"Estaleiro pernambucano leva ao S\u00e3o Paulo Boat Show 2026 embarca\u00e7\u00f5es de 26 a 44 p\u00e9s e apresenta dois novos projetos, a Z310 e a Z440 HT.\u00a0\" \/>\n<meta property=\"og:url\" content=\"https:\/\/comprenautica.com.br\/blog\/azov-yachts-lanca-z440-ht-e-z310-no-sao-paulo-boat-show-2026\/\" \/>\n<meta property=\"og:site_name\" content=\"Fique por dentro das principais not\u00edcias n\u00e1uticas | Compre N\u00e1utica\" \/>\n<meta property=\"article:published_time\" content=\"2026-08-31T21:37:07+00:00\" \/>\n<meta property=\"article:modified_time\" content=\"2026-08-31T21:39:32+00:00\" \/>\n<meta property=\"og:image\" content=\"https:\/\/comprenautica.com.br\/blog\/wp-content\/uploads\/2026\/08\/Z310.webp\" \/>\n\t<meta property=\"og:image:width\" content=\"1080\" \/>\n\t<meta property=\"og:image:height\" content=\"1350\" \/>\n\t<meta property=\"og:image:type\" content=\"image\/webp\" \/>\n<meta name=\"author\" content=\"Carolina Piazentin\" \/>\n<meta name=\"twitter:card\" content=\"summary_large_image\" \/>\n<meta name=\"twitter:label1\" content=\"Escrito por\" \/>\n\t<meta name=\"twitter:data1\" content=\"Carolina Piazentin\" \/>\n\t<meta name=\"twitter:label2\" content=\"Est. tempo de leitura\" \/>\n\t<meta name=\"twitter:data2\" content=\"7 minutos\" \/>\n<script type=\"application\/ld+json\" class=\"yoast-schema-graph\">{\"@context\":\"https:\\\/\\\/schema.org\",\"@graph\":[{\"@type\":\"Article\",\"@id\":\"https:\\\/\\\/comprenautica.com.br\\\/blog\\\/azov-yachts-lanca-z440-ht-e-z310-no-sao-paulo-boat-show-2026\\\/#article\",\"isPartOf\":{\"@id\":\"https:\\\/\\\/comprenautica.com.br\\\/blog\\\/azov-yachts-lanca-z440-ht-e-z310-no-sao-paulo-boat-show-2026\\\/\"},\"author\":{\"name\":\"Carolina Piazentin\",\"@id\":\"https:\\\/\\\/comprenautica.com.br\\\/blog\\\/#\\\/schema\\\/person\\\/4738c9b8bd76b4087e156c7ed165bba0\"},\"headline\":\"Azov Yachts chega ao S\u00e3o Paulo Boat Show 2026 com portf\u00f3lio que marca fase de expans\u00e3o da marca\",\"datePublished\":\"2026-08-31T21:37:07+00:00\",\"dateModified\":\"2026-08-31T21:39:32+00:00\",\"mainEntityOfPage\":{\"@id\":\"https:\\\/\\\/comprenautica.com.br\\\/blog\\\/azov-yachts-lanca-z440-ht-e-z310-no-sao-paulo-boat-show-2026\\\/\"},\"wordCount\":820,\"commentCount\":0,\"publisher\":{\"@id\":\"https:\\\/\\\/comprenautica.com.br\\\/blog\\\/#organization\"},\"image\":{\"@id\":\"https:\\\/\\\/comprenautica.com.br\\\/blog\\\/azov-yachts-lanca-z440-ht-e-z310-no-sao-paulo-boat-show-2026\\\/#primaryimage\"},\"thumbnailUrl\":\"https:\\\/\\\/comprenautica.com.br\\\/blog\\\/wp-content\\\/uploads\\\/2026\\\/08\\\/Z310.webp\",\"keywords\":[\"azov\",\"Azov Yachts\",\"AZOV Z480 HT\",\"barco\",\"BARCOS\",\"COMPRE NAUTICA\",\"Embarca\u00e7\u00e3o\",\"iate\",\"mar\",\"NAUTICA\",\"z260\",\"z310\"],\"articleSection\":[\"Not\u00edcias\"],\"inLanguage\":\"pt-BR\",\"potentialAction\":[{\"@type\":\"CommentAction\",\"name\":\"Comment\",\"target\":[\"https:\\\/\\\/comprenautica.com.br\\\/blog\\\/azov-yachts-lanca-z440-ht-e-z310-no-sao-paulo-boat-show-2026\\\/#respond\"]}]},{\"@type\":\"WebPage\",\"@id\":\"https:\\\/\\\/comprenautica.com.br\\\/blog\\\/azov-yachts-lanca-z440-ht-e-z310-no-sao-paulo-boat-show-2026\\\/\",\"url\":\"https:\\\/\\\/comprenautica.com.br\\\/blog\\\/azov-yachts-lanca-z440-ht-e-z310-no-sao-paulo-boat-show-2026\\\/\",\"name\":\"Azov Yachts lan\u00e7a Z440 HT e Z310 no S\u00e3o Paulo Boat Show 2026\",\"isPartOf\":{\"@id\":\"https:\\\/\\\/comprenautica.com.br\\\/blog\\\/#website\"},\"primaryImageOfPage\":{\"@id\":\"https:\\\/\\\/comprenautica.com.br\\\/blog\\\/azov-yachts-lanca-z440-ht-e-z310-no-sao-paulo-boat-show-2026\\\/#primaryimage\"},\"image\":{\"@id\":\"https:\\\/\\\/comprenautica.com.br\\\/blog\\\/azov-yachts-lanca-z440-ht-e-z310-no-sao-paulo-boat-show-2026\\\/#primaryimage\"},\"thumbnailUrl\":\"https:\\\/\\\/comprenautica.com.br\\\/blog\\\/wp-content\\\/uploads\\\/2026\\\/08\\\/Z310.webp\",\"datePublished\":\"2026-08-31T21:37:07+00:00\",\"dateModified\":\"2026-08-31T21:39:32+00:00\",\"description\":\"Estaleiro pernambucano leva ao S\u00e3o Paulo Boat Show 2026 embarca\u00e7\u00f5es de 26 a 44 p\u00e9s e apresenta dois novos projetos, a Z310 e a Z440 HT.\u00a0\",\"breadcrumb\":{\"@id\":\"https:\\\/\\\/comprenautica.com.br\\\/blog\\\/azov-yachts-lanca-z440-ht-e-z310-no-sao-paulo-boat-show-2026\\\/#breadcrumb\"},\"inLanguage\":\"pt-BR\",\"potentialAction\":[{\"@type\":\"ReadAction\",\"target\":[\"https:\\\/\\\/comprenautica.com.br\\\/blog\\\/azov-yachts-lanca-z440-ht-e-z310-no-sao-paulo-boat-show-2026\\\/\"]}]},{\"@type\":\"ImageObject\",\"inLanguage\":\"pt-BR\",\"@id\":\"https:\\\/\\\/comprenautica.com.br\\\/blog\\\/azov-yachts-lanca-z440-ht-e-z310-no-sao-paulo-boat-show-2026\\\/#primaryimage\",\"url\":\"https:\\\/\\\/comprenautica.com.br\\\/blog\\\/wp-content\\\/uploads\\\/2026\\\/08\\\/Z310.webp\",\"contentUrl\":\"https:\\\/\\\/comprenautica.com.br\\\/blog\\\/wp-content\\\/uploads\\\/2026\\\/08\\\/Z310.webp\",\"width\":1080,\"height\":1350,\"caption\":\"Azov Z310 | Foto: Dilvulga\u00e7\u00e3o estaleiro\"},{\"@type\":\"BreadcrumbList\",\"@id\":\"https:\\\/\\\/comprenautica.com.br\\\/blog\\\/azov-yachts-lanca-z440-ht-e-z310-no-sao-paulo-boat-show-2026\\\/#breadcrumb\",\"itemListElement\":[{\"@type\":\"ListItem\",\"position\":1,\"name\":\"In\u00edcio\",\"item\":\"https:\\\/\\\/comprenautica.com.br\\\/blog\\\/\"},{\"@type\":\"ListItem\",\"position\":2,\"name\":\"Azov Yachts chega ao S\u00e3o Paulo Boat Show 2026 com portf\u00f3lio que marca fase de expans\u00e3o da marca\"}]},{\"@type\":\"WebSite\",\"@id\":\"https:\\\/\\\/comprenautica.com.br\\\/blog\\\/#website\",\"url\":\"https:\\\/\\\/comprenautica.com.br\\\/blog\\\/\",\"name\":\"Fique por dentro das principais not\u00edcias n\u00e1uticas | Compre N\u00e1utica\",\"description\":\"Fique por dentro do melhor do mundo n\u00e1utico com o BLOG Compre N\u00e1utica. S\u00e3o noticias, informa\u00e7\u00f5es do mercado e da marinha, dicas, ensinamentos, historias reais e muitaaaa n\u00e1utica. Vem conferir!\",\"publisher\":{\"@id\":\"https:\\\/\\\/comprenautica.com.br\\\/blog\\\/#organization\"},\"potentialAction\":[{\"@type\":\"SearchAction\",\"target\":{\"@type\":\"EntryPoint\",\"urlTemplate\":\"https:\\\/\\\/comprenautica.com.br\\\/blog\\\/?s={search_term_string}\"},\"query-input\":{\"@type\":\"PropertyValueSpecification\",\"valueRequired\":true,\"valueName\":\"search_term_string\"}}],\"inLanguage\":\"pt-BR\"},{\"@type\":\"Organization\",\"@id\":\"https:\\\/\\\/comprenautica.com.br\\\/blog\\\/#organization\",\"name\":\"Fique por dentro das principais not\u00edcias n\u00e1uticas | Compre N\u00e1utica\",\"url\":\"https:\\\/\\\/comprenautica.com.br\\\/blog\\\/\",\"logo\":{\"@type\":\"ImageObject\",\"inLanguage\":\"pt-BR\",\"@id\":\"https:\\\/\\\/comprenautica.com.br\\\/blog\\\/#\\\/schema\\\/logo\\\/image\\\/\",\"url\":\"https:\\\/\\\/comprenautica.com.br\\\/blog\\\/wp-content\\\/uploads\\\/2025\\\/12\\\/V.1.png\",\"contentUrl\":\"https:\\\/\\\/comprenautica.com.br\\\/blog\\\/wp-content\\\/uploads\\\/2025\\\/12\\\/V.1.png\",\"width\":1085,\"height\":177,\"caption\":\"Fique por dentro das principais not\u00edcias n\u00e1uticas | Compre N\u00e1utica\"},\"image\":{\"@id\":\"https:\\\/\\\/comprenautica.com.br\\\/blog\\\/#\\\/schema\\\/logo\\\/image\\\/\"}},{\"@type\":\"Person\",\"@id\":\"https:\\\/\\\/comprenautica.com.br\\\/blog\\\/#\\\/schema\\\/person\\\/4738c9b8bd76b4087e156c7ed165bba0\",\"name\":\"Carolina Piazentin\",\"image\":{\"@type\":\"ImageObject\",\"inLanguage\":\"pt-BR\",\"@id\":\"https:\\\/\\\/secure.gravatar.com\\\/avatar\\\/b447e1d5e2c2ff9eef0304b29cfecf819130250c516b0302d2ef755be72a573d?s=96&d=mm&r=g\",\"url\":\"https:\\\/\\\/secure.gravatar.com\\\/avatar\\\/b447e1d5e2c2ff9eef0304b29cfecf819130250c516b0302d2ef755be72a573d?s=96&d=mm&r=g\",\"contentUrl\":\"https:\\\/\\\/secure.gravatar.com\\\/avatar\\\/b447e1d5e2c2ff9eef0304b29cfecf819130250c516b0302d2ef755be72a573d?s=96&d=mm&r=g\",\"caption\":\"Carolina Piazentin\"},\"url\":\"https:\\\/\\\/comprenautica.com.br\\\/blog\\\/author\\\/caroline-piazentin\\\/\"}]}<\/script>\n<!-- \/ Yoast SEO plugin. -->","yoast_head_json":{"title":"Azov Yachts lan\u00e7a Z440 HT e Z310 no S\u00e3o Paulo Boat Show 2026","description":"Estaleiro pernambucano leva ao S\u00e3o Paulo Boat Show 2026 embarca\u00e7\u00f5es de 26 a 44 p\u00e9s e apresenta dois novos projetos, a Z310 e a Z440 HT.\u00a0","robots":{"index":"index","follow":"follow","max-snippet":"max-snippet:-1","max-image-preview":"max-image-preview:large","max-video-preview":"max-video-preview:-1"},"canonical":"https:\/\/comprenautica.com.br\/blog\/azov-yachts-lanca-z440-ht-e-z310-no-sao-paulo-boat-show-2026\/","og_locale":"pt_BR","og_type":"article","og_title":"Azov Yachts lan\u00e7a Z440 HT e Z310 no S\u00e3o Paulo Boat Show 2026","og_description":"Estaleiro pernambucano leva ao S\u00e3o Paulo Boat Show 2026 embarca\u00e7\u00f5es de 26 a 44 p\u00e9s e apresenta dois novos projetos, a Z310 e a Z440 HT.\u00a0","og_url":"https:\/\/comprenautica.com.br\/blog\/azov-yachts-lanca-z440-ht-e-z310-no-sao-paulo-boat-show-2026\/","og_site_name":"Fique por dentro das principais not\u00edcias n\u00e1uticas | Compre N\u00e1utica","article_published_time":"2026-08-31T21:37:07+00:00","article_modified_time":"2026-08-31T21:39:32+00:00","og_image":[{"width":1080,"height":1350,"url":"https:\/\/comprenautica.com.br\/blog\/wp-content\/uploads\/2026\/08\/Z310.webp","type":"image\/webp"}],"author":"Carolina Piazentin","twitter_card":"summary_large_image","twitter_misc":{"Escrito por":"Carolina Piazentin","Est. tempo de leitura":"7 minutos"},"schema":{"@context":"https:\/\/schema.org","@graph":[{"@type":"Article","@id":"https:\/\/comprenautica.com.br\/blog\/azov-yachts-lanca-z440-ht-e-z310-no-sao-paulo-boat-show-2026\/#article","isPartOf":{"@id":"https:\/\/comprenautica.com.br\/blog\/azov-yachts-lanca-z440-ht-e-z310-no-sao-paulo-boat-show-2026\/"},"author":{"name":"Carolina Piazentin","@id":"https:\/\/comprenautica.com.br\/blog\/#\/schema\/person\/4738c9b8bd76b4087e156c7ed165bba0"},"headline":"Azov Yachts chega ao S\u00e3o Paulo Boat Show 2026 com portf\u00f3lio que marca fase de expans\u00e3o da marca","datePublished":"2026-08-31T21:37:07+00:00","dateModified":"2026-08-31T21:39:32+00:00","mainEntityOfPage":{"@id":"https:\/\/comprenautica.com.br\/blog\/azov-yachts-lanca-z440-ht-e-z310-no-sao-paulo-boat-show-2026\/"},"wordCount":820,"commentCount":0,"publisher":{"@id":"https:\/\/comprenautica.com.br\/blog\/#organization"},"image":{"@id":"https:\/\/comprenautica.com.br\/blog\/azov-yachts-lanca-z440-ht-e-z310-no-sao-paulo-boat-show-2026\/#primaryimage"},"thumbnailUrl":"https:\/\/comprenautica.com.br\/blog\/wp-content\/uploads\/2026\/08\/Z310.webp","keywords":["azov","Azov Yachts","AZOV Z480 HT","barco","BARCOS","COMPRE NAUTICA","Embarca\u00e7\u00e3o","iate","mar","NAUTICA","z260","z310"],"articleSection":["Not\u00edcias"],"inLanguage":"pt-BR","potentialAction":[{"@type":"CommentAction","name":"Comment","target":["https:\/\/comprenautica.com.br\/blog\/azov-yachts-lanca-z440-ht-e-z310-no-sao-paulo-boat-show-2026\/#respond"]}]},{"@type":"WebPage","@id":"https:\/\/comprenautica.com.br\/blog\/azov-yachts-lanca-z440-ht-e-z310-no-sao-paulo-boat-show-2026\/","url":"https:\/\/comprenautica.com.br\/blog\/azov-yachts-lanca-z440-ht-e-z310-no-sao-paulo-boat-show-2026\/","name":"Azov Yachts lan\u00e7a Z440 HT e Z310 no S\u00e3o Paulo Boat Show 2026","isPartOf":{"@id":"https:\/\/comprenautica.com.br\/blog\/#website"},"primaryImageOfPage":{"@id":"https:\/\/comprenautica.com.br\/blog\/azov-yachts-lanca-z440-ht-e-z310-no-sao-paulo-boat-show-2026\/#primaryimage"},"image":{"@id":"https:\/\/comprenautica.com.br\/blog\/azov-yachts-lanca-z440-ht-e-z310-no-sao-paulo-boat-show-2026\/#primaryimage"},"thumbnailUrl":"https:\/\/comprenautica.com.br\/blog\/wp-content\/uploads\/2026\/08\/Z310.webp","datePublished":"2026-08-31T21:37:07+00:00","dateModified":"2026-08-31T21:39:32+00:00","description":"Estaleiro pernambucano leva ao S\u00e3o Paulo Boat Show 2026 embarca\u00e7\u00f5es de 26 a 44 p\u00e9s e apresenta dois novos projetos, a Z310 e a Z440 HT.\u00a0","breadcrumb":{"@id":"https:\/\/comprenautica.com.br\/blog\/azov-yachts-lanca-z440-ht-e-z310-no-sao-paulo-boat-show-2026\/#breadcrumb"},"inLanguage":"pt-BR","potentialAction":[{"@type":"ReadAction","target":["https:\/\/comprenautica.com.br\/blog\/azov-yachts-lanca-z440-ht-e-z310-no-sao-paulo-boat-show-2026\/"]}]},{"@type":"ImageObject","inLanguage":"pt-BR","@id":"https:\/\/comprenautica.com.br\/blog\/azov-yachts-lanca-z440-ht-e-z310-no-sao-paulo-boat-show-2026\/#primaryimage","url":"https:\/\/comprenautica.com.br\/blog\/wp-content\/uploads\/2026\/08\/Z310.webp","contentUrl":"https:\/\/comprenautica.com.br\/blog\/wp-content\/uploads\/2026\/08\/Z310.webp","width":1080,"height":1350,"caption":"Azov Z310 | Foto: Dilvulga\u00e7\u00e3o estaleiro"},{"@type":"BreadcrumbList","@id":"https:\/\/comprenautica.com.br\/blog\/azov-yachts-lanca-z440-ht-e-z310-no-sao-paulo-boat-show-2026\/#breadcrumb","itemListElement":[{"@type":"ListItem","position":1,"name":"In\u00edcio","item":"https:\/\/comprenautica.com.br\/blog\/"},{"@type":"ListItem","position":2,"name":"Azov Yachts chega ao S\u00e3o Paulo Boat Show 2026 com portf\u00f3lio que marca fase de expans\u00e3o da marca"}]},{"@type":"WebSite","@id":"https:\/\/comprenautica.com.br\/blog\/#website","url":"https:\/\/comprenautica.com.br\/blog\/","name":"Fique por dentro das principais not\u00edcias n\u00e1uticas | Compre N\u00e1utica","description":"Fique por dentro do melhor do mundo n\u00e1utico com o BLOG Compre N\u00e1utica. S\u00e3o noticias, informa\u00e7\u00f5es do mercado e da marinha, dicas, ensinamentos, historias reais e muitaaaa n\u00e1utica. Vem conferir!","publisher":{"@id":"https:\/\/comprenautica.com.br\/blog\/#organization"},"potentialAction":[{"@type":"SearchAction","target":{"@type":"EntryPoint","urlTemplate":"https:\/\/comprenautica.com.br\/blog\/?s={search_term_string}"},"query-input":{"@type":"PropertyValueSpecification","valueRequired":true,"valueName":"search_term_string"}}],"inLanguage":"pt-BR"},{"@type":"Organization","@id":"https:\/\/comprenautica.com.br\/blog\/#organization","name":"Fique por dentro das principais not\u00edcias n\u00e1uticas | Compre N\u00e1utica","url":"https:\/\/comprenautica.com.br\/blog\/","logo":{"@type":"ImageObject","inLanguage":"pt-BR","@id":"https:\/\/comprenautica.com.br\/blog\/#\/schema\/logo\/image\/","url":"https:\/\/comprenautica.com.br\/blog\/wp-content\/uploads\/2025\/12\/V.1.png","contentUrl":"https:\/\/comprenautica.com.br\/blog\/wp-content\/uploads\/2025\/12\/V.1.png","width":1085,"height":177,"caption":"Fique por dentro das principais not\u00edcias n\u00e1uticas | Compre N\u00e1utica"},"image":{"@id":"https:\/\/comprenautica.com.br\/blog\/#\/schema\/logo\/image\/"}},{"@type":"Person","@id":"https:\/\/comprenautica.com.br\/blog\/#\/schema\/person\/4738c9b8bd76b4087e156c7ed165bba0","name":"Carolina Piazentin","image":{"@type":"ImageObject","inLanguage":"pt-BR","@id":"https:\/\/secure.gravatar.com\/avatar\/b447e1d5e2c2ff9eef0304b29cfecf819130250c516b0302d2ef755be72a573d?s=96&d=mm&r=g","url":"https:\/\/secure.gravatar.com\/avatar\/b447e1d5e2c2ff9eef0304b29cfecf819130250c516b0302d2ef755be72a573d?s=96&d=mm&r=g","contentUrl":"https:\/\/secure.gravatar.com\/avatar\/b447e1d5e2c2ff9eef0304b29cfecf819130250c516b0302d2ef755be72a573d?s=96&d=mm&r=g","caption":"Carolina Piazentin"},"url":"https:\/\/comprenautica.com.br\/blog\/author\/caroline-piazentin\/"}]}},"_links":{"self":[{"href":"https:\/\/comprenautica.com.br\/blog\/wp-json\/wp\/v2\/posts\/9150","targetHints":{"allow":["GET"]}}],"collection":[{"href":"https:\/\/comprenautica.com.br\/blog\/wp-json\/wp\/v2\/posts"}],"about":[{"href":"https:\/\/comprenautica.com.br\/blog\/wp-json\/wp\/v2\/types\/post"}],"author":[{"embeddable":true,"href":"https:\/\/comprenautica.com.br\/blog\/wp-json\/wp\/v2\/users\/2"}],"replies":[{"embeddable":true,"href":"https:\/\/comprenautica.com.br\/blog\/wp-json\/wp\/v2\/comments?post=9150"}],"version-history":[{"count":3,"href":"https:\/\/comprenautica.com.br\/blog\/wp-json\/wp\/v2\/posts\/9150\/revisions"}],"predecessor-version":[{"id":9186,"href":"https:\/\/comprenautica.com.br\/blog\/wp-json\/wp\/v2\/posts\/9150\/revisions\/9186"}],"wp:featuredmedia":[{"embeddable":true,"href":"https:\/\/comprenautica.com.br\/blog\/wp-json\/wp\/v2\/media\/9155"}],"wp:attachment":[{"href":"https:\/\/comprenautica.com.br\/blog\/wp-json\/wp\/v2\/media?parent=9150"}],"wp:term":[{"taxonomy":"category","embeddable":true,"href":"https:\/\/comprenautica.com.br\/blog\/wp-json\/wp\/v2\/categories?post=9150"},{"taxonomy":"post_tag","embeddable":true,"href":"https:\/\/comprenautica.com.br\/blog\/wp-json\/wp\/v2\/tags?post=9150"}],"curies":[{"name":"wp","href":"https:\/\/api.w.org\/{rel}","templated":true}]}}