{"id":9049,"date":"2026-09-04T06:18:00","date_gmt":"2026-09-04T06:18:00","guid":{"rendered":"https:\/\/comprenautica.com.br\/blog\/?p=9049"},"modified":"2026-08-19T18:19:45","modified_gmt":"2026-08-19T18:19:45","slug":"navio-medieval-encontrado-teto-porao-alemanha","status":"publish","type":"post","link":"https:\/\/comprenautica.com.br\/blog\/navio-medieval-encontrado-teto-porao-alemanha\/","title":{"rendered":"Navio medieval \u00e9 encontrado no teto de por\u00e3o na Alemanha e revela t\u00e9cnicas da engenharia naval"},"content":{"rendered":"\n<figure class=\"wp-block-image size-large\"><img fetchpriority=\"high\" decoding=\"async\" width=\"1024\" height=\"576\" src=\"https:\/\/comprenautica.com.br\/blog\/wp-content\/uploads\/2026\/08\/pesquisador-registra-navio-medieval-alemanha.webp-1024x576.webp\" alt=\"Pesquisador fotografa estrutura de navio medieval preservada no teto de um por\u00e3o na Alemanha.\" class=\"wp-image-9050\" srcset=\"https:\/\/comprenautica.com.br\/blog\/wp-content\/uploads\/2026\/08\/pesquisador-registra-navio-medieval-alemanha.webp-1024x576.webp 1024w, https:\/\/comprenautica.com.br\/blog\/wp-content\/uploads\/2026\/08\/pesquisador-registra-navio-medieval-alemanha.webp-300x169.webp 300w, https:\/\/comprenautica.com.br\/blog\/wp-content\/uploads\/2026\/08\/pesquisador-registra-navio-medieval-alemanha.webp-768x432.webp 768w, https:\/\/comprenautica.com.br\/blog\/wp-content\/uploads\/2026\/08\/pesquisador-registra-navio-medieval-alemanha.webp-1536x864.webp 1536w, https:\/\/comprenautica.com.br\/blog\/wp-content\/uploads\/2026\/08\/pesquisador-registra-navio-medieval-alemanha.webp-150x84.webp 150w, https:\/\/comprenautica.com.br\/blog\/wp-content\/uploads\/2026\/08\/pesquisador-registra-navio-medieval-alemanha.webp.webp 1600w\" sizes=\"(max-width: 1024px) 100vw, 1024px\" \/><\/figure>\n\n\n\n<p>Um navio medieval ganhou um destino inusitado ap\u00f3s deixar de navegar: parte de seu casco foi reaproveitada como teto de um por\u00e3o em uma constru\u00e7\u00e3o do s\u00e9culo 13, na Alemanha. A estrutura foi identificada durante uma investiga\u00e7\u00e3o na cidade de Constan\u00e7a, \u00e0s margens do Lago de Constan\u00e7a, e chama a aten\u00e7\u00e3o pelo estado de preserva\u00e7\u00e3o das pe\u00e7as.<\/p>\n\n\n\n<p>O achado est\u00e1 em um edif\u00edcio constru\u00eddo em 1244, na rua Konradigasse. Segundo os levantamentos iniciais, pelo menos 19 t\u00e1buas de madeira que pertenciam \u00e0 embarca\u00e7\u00e3o continuam formando uma se\u00e7\u00e3o quase cont\u00ednua do antigo casco. Juntas, elas ocupam uma \u00e1rea superior a 25 metros quadrados.<\/p>\n\n\n\n<p>Mais do que uma curiosidade hist\u00f3rica, a descoberta oferece aos pesquisadores uma oportunidade rara de estudar de perto t\u00e9cnicas da engenharia naval medieval, incluindo m\u00e9todos de constru\u00e7\u00e3o, manuten\u00e7\u00e3o e reparo de embarca\u00e7\u00f5es.<\/p>\n\n\n\n<div style=\"height:35px\" aria-hidden=\"true\" class=\"wp-block-spacer\"><\/div>\n\n\n\n<h2 class=\"wp-block-heading\"><strong>Como os pesquisadores identificaram o navio medieval?<\/strong><\/h2>\n\n\n\n<div style=\"height:18px\" aria-hidden=\"true\" class=\"wp-block-spacer\"><\/div>\n\n\n\n<figure class=\"wp-block-image size-large\"><img decoding=\"async\" width=\"1024\" height=\"576\" src=\"https:\/\/comprenautica.com.br\/blog\/wp-content\/uploads\/2026\/08\/navio-medieval-madeira-porao-alemanha.webp-1024x576.webp\" alt=\"T\u00e1buas do casco de um navio medieval reaproveitadas no teto de um por\u00e3o em Constan\u00e7a, na Alemanha.\" class=\"wp-image-9051\" srcset=\"https:\/\/comprenautica.com.br\/blog\/wp-content\/uploads\/2026\/08\/navio-medieval-madeira-porao-alemanha.webp-1024x576.webp 1024w, https:\/\/comprenautica.com.br\/blog\/wp-content\/uploads\/2026\/08\/navio-medieval-madeira-porao-alemanha.webp-300x169.webp 300w, https:\/\/comprenautica.com.br\/blog\/wp-content\/uploads\/2026\/08\/navio-medieval-madeira-porao-alemanha.webp-768x432.webp 768w, https:\/\/comprenautica.com.br\/blog\/wp-content\/uploads\/2026\/08\/navio-medieval-madeira-porao-alemanha.webp-1536x864.webp 1536w, https:\/\/comprenautica.com.br\/blog\/wp-content\/uploads\/2026\/08\/navio-medieval-madeira-porao-alemanha.webp-150x84.webp 150w, https:\/\/comprenautica.com.br\/blog\/wp-content\/uploads\/2026\/08\/navio-medieval-madeira-porao-alemanha.webp.webp 1600w\" sizes=\"(max-width: 1024px) 100vw, 1024px\" \/><figcaption class=\"wp-element-caption\">Foto: Divulga\u00e7\u00e3o\/Landesamt f\u00fcr Denkmalpflege (LAD)<\/figcaption><\/figure>\n\n\n\n<p>A estrutura foi descoberta durante um estudo de viabilidade conduzido pelo Escrit\u00f3rio Estadual de Preserva\u00e7\u00e3o de Monumentos de Stuttgart. Inicialmente, as pe\u00e7as faziam parte do teto do por\u00e3o da antiga constru\u00e7\u00e3o. No entanto, uma an\u00e1lise detalhada revelou caracter\u00edsticas que apontavam claramente para sua origem naval.<\/p>\n\n\n\n<p>Entre os elementos identificados est\u00e3o o formato das t\u00e1buas, fileiras de pregos, cavilhas de madeira e vest\u00edgios de calafetagem ainda preservados nas frestas.<\/p>\n\n\n\n<p>Al\u00e9m disso, v\u00e1rias t\u00e1buas permanecem encaixadas na mesma sequ\u00eancia que ocupavam originalmente no casco. Por isso, os pesquisadores acreditam que os construtores medievais n\u00e3o desmontaram completamente a embarca\u00e7\u00e3o para aproveitar apenas pe\u00e7as isoladas.<\/p>\n\n\n\n<p>Em vez disso, uma se\u00e7\u00e3o inteira do casco parece ter sido incorporada \u00e0 estrutura do edif\u00edcio.<\/p>\n\n\n\n<p>Esse detalhe torna o achado ainda mais relevante. Afinal, ele mostra como uma embarca\u00e7\u00e3o que j\u00e1 havia cumprido sua fun\u00e7\u00e3o podia fornecer materiais para outra atividade, prolongando a vida \u00fatil da madeira.<\/p>\n\n\n\n<div style=\"height:35px\" aria-hidden=\"true\" class=\"wp-block-spacer\"><\/div>\n\n\n\n<h2 class=\"wp-block-heading\"><strong>Casco de navio foi reutilizado em constru\u00e7\u00e3o do s\u00e9culo 13<\/strong><\/h2>\n\n\n\n<div style=\"height:18px\" aria-hidden=\"true\" class=\"wp-block-spacer\"><\/div>\n\n\n\n<p>O reaproveitamento de materiais n\u00e3o \u00e9 uma pr\u00e1tica recente. No caso encontrado em Constan\u00e7a, a madeira de um antigo barco continuou sendo utilizada mesmo depois do fim de sua vida \u00fatil na \u00e1gua.<\/p>\n\n\n\n<p>Para os construtores da \u00e9poca, reutilizar parte do casco poderia representar uma alternativa pr\u00e1tica e valiosa. A madeira j\u00e1 havia passado por um complexo processo de prepara\u00e7\u00e3o e possu\u00eda dimens\u00f5es adequadas para diferentes aplica\u00e7\u00f5es.<\/p>\n\n\n\n<p>Al\u00e9m disso, reaproveitar uma grande se\u00e7\u00e3o da embarca\u00e7\u00e3o reduzia a necessidade de desmontar completamente a estrutura ou produzir novas pe\u00e7as.<\/p>\n\n\n\n<p>O resultado foi uma esp\u00e9cie de segunda vida para o navio medieval, que permaneceu escondido por s\u00e9culos dentro de uma constru\u00e7\u00e3o em terra firme.<\/p>\n\n\n\n<div style=\"height:35px\" aria-hidden=\"true\" class=\"wp-block-spacer\"><\/div>\n\n\n\n<h2 class=\"wp-block-heading\"><strong>Reparos no casco revelam detalhes da engenharia naval medieval<\/strong><\/h2>\n\n\n\n<div style=\"height:18px\" aria-hidden=\"true\" class=\"wp-block-spacer\"><\/div>\n\n\n\n<figure class=\"wp-block-image size-large\"><img decoding=\"async\" width=\"1024\" height=\"576\" src=\"https:\/\/comprenautica.com.br\/blog\/wp-content\/uploads\/2026\/08\/navio-medieval-casco-madeira-porao-alemanha.webp-1024x576.webp\" alt=\"T\u00e1buas do casco de um navio medieval reaproveitadas no teto de um por\u00e3o em Constan\u00e7a, na Alemanha.\" class=\"wp-image-9053\" srcset=\"https:\/\/comprenautica.com.br\/blog\/wp-content\/uploads\/2026\/08\/navio-medieval-casco-madeira-porao-alemanha.webp-1024x576.webp 1024w, https:\/\/comprenautica.com.br\/blog\/wp-content\/uploads\/2026\/08\/navio-medieval-casco-madeira-porao-alemanha.webp-300x169.webp 300w, https:\/\/comprenautica.com.br\/blog\/wp-content\/uploads\/2026\/08\/navio-medieval-casco-madeira-porao-alemanha.webp-768x432.webp 768w, https:\/\/comprenautica.com.br\/blog\/wp-content\/uploads\/2026\/08\/navio-medieval-casco-madeira-porao-alemanha.webp-150x84.webp 150w, https:\/\/comprenautica.com.br\/blog\/wp-content\/uploads\/2026\/08\/navio-medieval-casco-madeira-porao-alemanha.webp.webp 1280w\" sizes=\"(max-width: 1024px) 100vw, 1024px\" \/><figcaption class=\"wp-element-caption\">Foto: Divulga\u00e7\u00e3o\/Landesamt f\u00fcr Denkmalpflege (LAD)<\/figcaption><\/figure>\n\n\n\n<p>Os estudos iniciais indicam que a embarca\u00e7\u00e3o provavelmente era um navio de carga \u00e0 vela e de fundo chato, um tipo de constru\u00e7\u00e3o adequado \u00e0s caracter\u00edsticas da navega\u00e7\u00e3o na regi\u00e3o.<\/p>\n\n\n\n<p>Sua tipologia apresenta semelhan\u00e7as com a de um naufr\u00e1gio do s\u00e9culo 14 encontrado pr\u00f3ximo a Kippenhorn, em Immenstaad, tamb\u00e9m na \u00e1rea do Lago de Constan\u00e7a.<\/p>\n\n\n\n<p>No entanto, o casco encontrado na Konradigasse possui uma caracter\u00edstica especialmente interessante: os sinais de um longo per\u00edodo de utiliza\u00e7\u00e3o.<\/p>\n\n\n\n<p>Os pesquisadores identificaram pelo menos quatro reparos realizados em partes danificadas da estrutura. Em alguns casos, as \u00e1reas comprometidas foram substitu\u00eddas por pe\u00e7as produzidas sob medida.<\/p>\n\n\n\n<p>Entre as interven\u00e7\u00f5es est\u00e1 um reparo feito com um encaixe em formato de cauda de andorinha, t\u00e9cnica que agora poder\u00e1 ser analisada pelos especialistas em detalhes.<\/p>\n\n\n\n<p>Esses vest\u00edgios ajudam a mostrar que a hist\u00f3ria de uma embarca\u00e7\u00e3o n\u00e3o terminava ap\u00f3s sua constru\u00e7\u00e3o. Assim como acontece atualmente, os barcos medievais tamb\u00e9m passavam por manuten\u00e7\u00e3o e reparos ao longo de sua vida operacional.<\/p>\n\n\n\n<p>A diferen\u00e7a \u00e9 que, neste caso, parte dessas interven\u00e7\u00f5es sobreviveu por s\u00e9culos e ficou preservada longe da \u00e1gua.<\/p>\n\n\n\n<div style=\"height:35px\" aria-hidden=\"true\" class=\"wp-block-spacer\"><\/div>\n\n\n\n<h2 class=\"wp-block-heading\"><strong>Por\u00e3o seco facilita estudo da antiga embarca\u00e7\u00e3o<\/strong><\/h2>\n\n\n\n<div style=\"height:18px\" aria-hidden=\"true\" class=\"wp-block-spacer\"><\/div>\n\n\n\n<p>A localiza\u00e7\u00e3o do navio medieval representa outra grande vantagem para os pesquisadores. Grande parte dos naufr\u00e1gios hist\u00f3ricos da regi\u00e3o permanece submersa, o que torna os estudos mais complexos e exige cuidados espec\u00edficos para preservar a madeira.<\/p>\n\n\n\n<p>J\u00e1 os vest\u00edgios encontrados em Constan\u00e7a est\u00e3o em um ambiente seco e acess\u00edvel.<\/p>\n\n\n\n<p>Dessa forma, os especialistas conseguem observar diretamente detalhes da estrutura, dos encaixes e dos reparos realizados no casco. O achado integra os estudos do projeto dedicado \u00e0 pesquisa de naufr\u00e1gios e da hist\u00f3ria mar\u00edtima da regi\u00e3o.<\/p>\n\n\n\n<p>Em agosto de 2026, a equipe realizou um novo mapeamento da estrutura para produzir um modelo tridimensional da embarca\u00e7\u00e3o. Para isso, foram utilizadas centenas de fotografias digitais e uma t\u00e9cnica conhecida como estrutura a partir do movimento, capaz de transformar imagens registradas de diferentes \u00e2ngulos em uma representa\u00e7\u00e3o em 3D.<\/p>\n\n\n\n<div style=\"height:35px\" aria-hidden=\"true\" class=\"wp-block-spacer\"><\/div>\n\n\n\n<h2 class=\"wp-block-heading\"><strong>An\u00e1lise da madeira pode ajudar a determinar a idade do navio<\/strong><\/h2>\n\n\n\n<div style=\"height:18px\" aria-hidden=\"true\" class=\"wp-block-spacer\"><\/div>\n\n\n\n<figure class=\"wp-block-image size-large\"><img loading=\"lazy\" decoding=\"async\" width=\"1024\" height=\"576\" src=\"https:\/\/comprenautica.com.br\/blog\/wp-content\/uploads\/2026\/08\/pesquisador-registra-navio-medieval-casco-alemanha.webp-1024x576.webp\" alt=\"Pesquisador fotografa estrutura de navio medieval preservada no teto de um por\u00e3o na Alemanha.\" class=\"wp-image-9052\" srcset=\"https:\/\/comprenautica.com.br\/blog\/wp-content\/uploads\/2026\/08\/pesquisador-registra-navio-medieval-casco-alemanha.webp-1024x576.webp 1024w, https:\/\/comprenautica.com.br\/blog\/wp-content\/uploads\/2026\/08\/pesquisador-registra-navio-medieval-casco-alemanha.webp-300x169.webp 300w, https:\/\/comprenautica.com.br\/blog\/wp-content\/uploads\/2026\/08\/pesquisador-registra-navio-medieval-casco-alemanha.webp-768x432.webp 768w, https:\/\/comprenautica.com.br\/blog\/wp-content\/uploads\/2026\/08\/pesquisador-registra-navio-medieval-casco-alemanha.webp-1536x864.webp 1536w, https:\/\/comprenautica.com.br\/blog\/wp-content\/uploads\/2026\/08\/pesquisador-registra-navio-medieval-casco-alemanha.webp-150x84.webp 150w, https:\/\/comprenautica.com.br\/blog\/wp-content\/uploads\/2026\/08\/pesquisador-registra-navio-medieval-casco-alemanha.webp.webp 1600w\" sizes=\"(max-width: 1024px) 100vw, 1024px\" \/><\/figure>\n\n\n\n<p>Os pesquisadores tamb\u00e9m retiraram amostras da madeira para an\u00e1lises de dendrocronologia.<\/p>\n\n\n\n<p>O m\u00e9todo estuda os an\u00e9is de crescimento das \u00e1rvores e pode ajudar a determinar quando a madeira utilizada na constru\u00e7\u00e3o da embarca\u00e7\u00e3o foi cortada. Com isso, os especialistas esperam obter informa\u00e7\u00f5es mais precisas sobre o per\u00edodo de constru\u00e7\u00e3o e utiliza\u00e7\u00e3o do navio.<\/p>\n\n\n\n<p>Os resultados das an\u00e1lises ainda s\u00e3o preliminares. No entanto, o conjunto formado pelas t\u00e1buas, pelos reparos e pelos vest\u00edgios de calafetagem j\u00e1 representa uma importante fonte de informa\u00e7\u00f5es sobre a navega\u00e7\u00e3o no Lago de Constan\u00e7a durante a Idade M\u00e9dia.<\/p>\n\n\n\n<p>A descoberta tamb\u00e9m chama aten\u00e7\u00e3o por um aspecto curioso: enquanto muitos navios hist\u00f3ricos s\u00e3o encontrados em rios, mares ou no fundo de lagos, esta antiga embarca\u00e7\u00e3o permaneceu preservada por s\u00e9culos no teto de um por\u00e3o.<\/p>\n\n\n\n<p>Agora, o estudo detalhado de seu casco poder\u00e1 ajudar a reconstruir parte da hist\u00f3ria da constru\u00e7\u00e3o naval medieval e revelar como embarca\u00e7\u00f5es da \u00e9poca eram utilizadas, reparadas e, posteriormente, reaproveitadas em novas constru\u00e7\u00f5es.<\/p>\n\n\n\n<div style=\"height:35px\" aria-hidden=\"true\" class=\"wp-block-spacer\"><\/div>\n\n\n    <div class=\"vt-veja-tambem vt-align-left\" style=\"--vt-bar-color: #1d4ed8;\">\n        <div class=\"vt-heading-wrap\">\n            <h3 class=\"vt-title\">Veja tamb\u00e9m<\/h3>\n            <span class=\"vt-bar\" aria-hidden=\"true\"><\/span>\n        <\/div>\n\n        <ul class=\"vt-list\">\n                            <li class=\"vt-item\">\n                    <a class=\"vt-link\" href=\"https:\/\/comprenautica.com.br\/blog\/navio-romano-sicilia-anforas\/\">\n                        <span class=\"vt-icon\" aria-hidden=\"true\">\n                            <svg width=\"20\" height=\"20\" viewBox=\"0 0 24 24\" fill=\"none\" role=\"presentation\">\n                                <circle cx=\"12\" cy=\"12\" r=\"9.25\" stroke=\"currentColor\" stroke-width=\"1.5\"><\/circle>\n                                <path d=\"M10 8L14 12L10 16\" stroke=\"currentColor\" stroke-width=\"1.5\" stroke-linecap=\"round\" stroke-linejoin=\"round\"><\/path>\n                            <\/svg>\n                        <\/span>\n                        <span class=\"vt-text\">Navio romano na Sic\u00edlia \u00e9 encontrado com centenas de \u00e2nforas<\/span>\n                    <\/a>\n                <\/li>\n                            <li class=\"vt-item\">\n                    <a class=\"vt-link\" href=\"https:\/\/comprenautica.com.br\/blog\/remada-viking-tradicao-nautica-noruega\/\">\n                        <span class=\"vt-icon\" aria-hidden=\"true\">\n                            <svg width=\"20\" height=\"20\" viewBox=\"0 0 24 24\" fill=\"none\" role=\"presentation\">\n                                <circle cx=\"12\" cy=\"12\" r=\"9.25\" stroke=\"currentColor\" stroke-width=\"1.5\"><\/circle>\n                                <path d=\"M10 8L14 12L10 16\" stroke=\"currentColor\" stroke-width=\"1.5\" stroke-linecap=\"round\" stroke-linejoin=\"round\"><\/path>\n                            <\/svg>\n                        <\/span>\n                        <span class=\"vt-text\">Remada Viking: o legado n\u00e1utico que conquistou a Copa<\/span>\n                    <\/a>\n                <\/li>\n                    <\/ul>\n    <\/div>\n    \n\n\n<div style=\"height:35px\" aria-hidden=\"true\" class=\"wp-block-spacer\"><\/div>\n","protected":false},"excerpt":{"rendered":"<p>Um navio medieval teve parte de seu casco reaproveitada como teto de um por\u00e3o em uma constru\u00e7\u00e3o de 1244, na cidade de Constan\u00e7a, no sul da Alemanha.<br \/>\nA estrutura re\u00fane pelo menos 19 t\u00e1buas de madeira ainda encaixadas em sua sequ\u00eancia original e ocupa uma \u00e1rea superior a 25 metros quadrados.<br \/>\nPregos, cavilhas de madeira e vest\u00edgios de calafetagem ajudaram os pesquisadores a confirmar que as pe\u00e7as pertenciam a uma antiga embarca\u00e7\u00e3o.<br \/>\nOs estudos indicam que o navio era uma embarca\u00e7\u00e3o de carga \u00e0 vela e de fundo chato. Pelo menos quatro reparos realizados no casco foram identificados.<br \/>\nPesquisadores realizaram um novo mapeamento em agosto de 2026 e retiraram amostras da madeira para an\u00e1lises que podem ajudar a determinar a idade da embarca\u00e7\u00e3o.<\/p>\n","protected":false},"author":2,"featured_media":9052,"comment_status":"open","ping_status":"open","sticky":false,"template":"","format":"standard","meta":{"_acf_changed":false,"inline_featured_image":false,"footnotes":""},"categories":[4144,4129],"tags":[6498,6251,6499,6497],"class_list":["post-9049","post","type-post","status-publish","format-standard","has-post-thumbnail","hentry","category-curiosidades","category-noticias","tag-embarcacao-medieval","tag-engenharia-naval","tag-navio-alemanha","tag-navio-medieval"],"acf":[],"yoast_head":"<!-- This site is optimized with the Yoast SEO plugin v27.5 - https:\/\/yoast.com\/product\/yoast-seo-wordpress\/ -->\n<title>Navio medieval \u00e9 encontrado no teto de por\u00e3o na Alemanha e revela t\u00e9cnicas da engenharia naval - Fique por dentro das principais not\u00edcias n\u00e1uticas | Compre N\u00e1utica<\/title>\n<meta name=\"description\" content=\"Navio medieval foi encontrado no teto de um por\u00e3o na Alemanha. Casco com 19 t\u00e1buas revela t\u00e9cnicas da engenharia naval do s\u00e9culo 13.\" \/>\n<meta name=\"robots\" content=\"index, follow, max-snippet:-1, max-image-preview:large, max-video-preview:-1\" \/>\n<link rel=\"canonical\" href=\"https:\/\/comprenautica.com.br\/blog\/navio-medieval-encontrado-teto-porao-alemanha\/\" \/>\n<meta property=\"og:locale\" content=\"pt_BR\" \/>\n<meta property=\"og:type\" content=\"article\" \/>\n<meta property=\"og:title\" content=\"Navio medieval \u00e9 encontrado no teto de por\u00e3o na Alemanha e revela t\u00e9cnicas da engenharia naval - Fique por dentro das principais not\u00edcias n\u00e1uticas | Compre N\u00e1utica\" \/>\n<meta property=\"og:description\" content=\"Navio medieval foi encontrado no teto de um por\u00e3o na Alemanha. Casco com 19 t\u00e1buas revela t\u00e9cnicas da engenharia naval do s\u00e9culo 13.\" \/>\n<meta property=\"og:url\" content=\"https:\/\/comprenautica.com.br\/blog\/navio-medieval-encontrado-teto-porao-alemanha\/\" \/>\n<meta property=\"og:site_name\" content=\"Fique por dentro das principais not\u00edcias n\u00e1uticas | Compre N\u00e1utica\" \/>\n<meta property=\"article:published_time\" content=\"2026-09-04T06:18:00+00:00\" \/>\n<meta property=\"og:image\" content=\"https:\/\/comprenautica.com.br\/blog\/wp-content\/uploads\/2026\/08\/pesquisador-registra-navio-medieval-casco-alemanha.webp.webp\" \/>\n\t<meta property=\"og:image:width\" content=\"1600\" \/>\n\t<meta property=\"og:image:height\" content=\"900\" \/>\n\t<meta property=\"og:image:type\" content=\"image\/webp\" \/>\n<meta name=\"author\" content=\"Carolina Piazentin\" \/>\n<meta name=\"twitter:card\" content=\"summary_large_image\" \/>\n<meta name=\"twitter:label1\" content=\"Escrito por\" \/>\n\t<meta name=\"twitter:data1\" content=\"Carolina Piazentin\" \/>\n\t<meta name=\"twitter:label2\" content=\"Est. tempo de leitura\" \/>\n\t<meta name=\"twitter:data2\" content=\"7 minutos\" \/>\n<script type=\"application\/ld+json\" class=\"yoast-schema-graph\">{\"@context\":\"https:\\\/\\\/schema.org\",\"@graph\":[{\"@type\":\"Article\",\"@id\":\"https:\\\/\\\/comprenautica.com.br\\\/blog\\\/navio-medieval-encontrado-teto-porao-alemanha\\\/#article\",\"isPartOf\":{\"@id\":\"https:\\\/\\\/comprenautica.com.br\\\/blog\\\/navio-medieval-encontrado-teto-porao-alemanha\\\/\"},\"author\":{\"name\":\"Carolina Piazentin\",\"@id\":\"https:\\\/\\\/comprenautica.com.br\\\/blog\\\/#\\\/schema\\\/person\\\/4738c9b8bd76b4087e156c7ed165bba0\"},\"headline\":\"Navio medieval \u00e9 encontrado no teto de por\u00e3o na Alemanha e revela t\u00e9cnicas da engenharia naval\",\"datePublished\":\"2026-09-04T06:18:00+00:00\",\"mainEntityOfPage\":{\"@id\":\"https:\\\/\\\/comprenautica.com.br\\\/blog\\\/navio-medieval-encontrado-teto-porao-alemanha\\\/\"},\"wordCount\":1070,\"commentCount\":0,\"publisher\":{\"@id\":\"https:\\\/\\\/comprenautica.com.br\\\/blog\\\/#organization\"},\"image\":{\"@id\":\"https:\\\/\\\/comprenautica.com.br\\\/blog\\\/navio-medieval-encontrado-teto-porao-alemanha\\\/#primaryimage\"},\"thumbnailUrl\":\"https:\\\/\\\/comprenautica.com.br\\\/blog\\\/wp-content\\\/uploads\\\/2026\\\/08\\\/pesquisador-registra-navio-medieval-casco-alemanha.webp.webp\",\"keywords\":[\"embarca\u00e7\u00e3o medieval\",\"engenharia naval\",\"Navio Alemanha\",\"navio medieval\"],\"articleSection\":[\"Curiosidades\",\"Not\u00edcias\"],\"inLanguage\":\"pt-BR\",\"potentialAction\":[{\"@type\":\"CommentAction\",\"name\":\"Comment\",\"target\":[\"https:\\\/\\\/comprenautica.com.br\\\/blog\\\/navio-medieval-encontrado-teto-porao-alemanha\\\/#respond\"]}]},{\"@type\":\"WebPage\",\"@id\":\"https:\\\/\\\/comprenautica.com.br\\\/blog\\\/navio-medieval-encontrado-teto-porao-alemanha\\\/\",\"url\":\"https:\\\/\\\/comprenautica.com.br\\\/blog\\\/navio-medieval-encontrado-teto-porao-alemanha\\\/\",\"name\":\"Navio medieval \u00e9 encontrado no teto de por\u00e3o na Alemanha e revela t\u00e9cnicas da engenharia naval - Fique por dentro das principais not\u00edcias n\u00e1uticas | Compre N\u00e1utica\",\"isPartOf\":{\"@id\":\"https:\\\/\\\/comprenautica.com.br\\\/blog\\\/#website\"},\"primaryImageOfPage\":{\"@id\":\"https:\\\/\\\/comprenautica.com.br\\\/blog\\\/navio-medieval-encontrado-teto-porao-alemanha\\\/#primaryimage\"},\"image\":{\"@id\":\"https:\\\/\\\/comprenautica.com.br\\\/blog\\\/navio-medieval-encontrado-teto-porao-alemanha\\\/#primaryimage\"},\"thumbnailUrl\":\"https:\\\/\\\/comprenautica.com.br\\\/blog\\\/wp-content\\\/uploads\\\/2026\\\/08\\\/pesquisador-registra-navio-medieval-casco-alemanha.webp.webp\",\"datePublished\":\"2026-09-04T06:18:00+00:00\",\"description\":\"Navio medieval foi encontrado no teto de um por\u00e3o na Alemanha. Casco com 19 t\u00e1buas revela t\u00e9cnicas da engenharia naval do s\u00e9culo 13.\",\"breadcrumb\":{\"@id\":\"https:\\\/\\\/comprenautica.com.br\\\/blog\\\/navio-medieval-encontrado-teto-porao-alemanha\\\/#breadcrumb\"},\"inLanguage\":\"pt-BR\",\"potentialAction\":[{\"@type\":\"ReadAction\",\"target\":[\"https:\\\/\\\/comprenautica.com.br\\\/blog\\\/navio-medieval-encontrado-teto-porao-alemanha\\\/\"]}]},{\"@type\":\"ImageObject\",\"inLanguage\":\"pt-BR\",\"@id\":\"https:\\\/\\\/comprenautica.com.br\\\/blog\\\/navio-medieval-encontrado-teto-porao-alemanha\\\/#primaryimage\",\"url\":\"https:\\\/\\\/comprenautica.com.br\\\/blog\\\/wp-content\\\/uploads\\\/2026\\\/08\\\/pesquisador-registra-navio-medieval-casco-alemanha.webp.webp\",\"contentUrl\":\"https:\\\/\\\/comprenautica.com.br\\\/blog\\\/wp-content\\\/uploads\\\/2026\\\/08\\\/pesquisador-registra-navio-medieval-casco-alemanha.webp.webp\",\"width\":1600,\"height\":900,\"caption\":\"Pesquisador fotografa estrutura de navio medieval preservada no teto de um por\u00e3o na Alemanha.\"},{\"@type\":\"BreadcrumbList\",\"@id\":\"https:\\\/\\\/comprenautica.com.br\\\/blog\\\/navio-medieval-encontrado-teto-porao-alemanha\\\/#breadcrumb\",\"itemListElement\":[{\"@type\":\"ListItem\",\"position\":1,\"name\":\"In\u00edcio\",\"item\":\"https:\\\/\\\/comprenautica.com.br\\\/blog\\\/\"},{\"@type\":\"ListItem\",\"position\":2,\"name\":\"Navio medieval \u00e9 encontrado no teto de por\u00e3o na Alemanha e revela t\u00e9cnicas da engenharia naval\"}]},{\"@type\":\"WebSite\",\"@id\":\"https:\\\/\\\/comprenautica.com.br\\\/blog\\\/#website\",\"url\":\"https:\\\/\\\/comprenautica.com.br\\\/blog\\\/\",\"name\":\"Fique por dentro das principais not\u00edcias n\u00e1uticas | Compre N\u00e1utica\",\"description\":\"Fique por dentro do melhor do mundo n\u00e1utico com o BLOG Compre N\u00e1utica. S\u00e3o noticias, informa\u00e7\u00f5es do mercado e da marinha, dicas, ensinamentos, historias reais e muitaaaa n\u00e1utica. Vem conferir!\",\"publisher\":{\"@id\":\"https:\\\/\\\/comprenautica.com.br\\\/blog\\\/#organization\"},\"potentialAction\":[{\"@type\":\"SearchAction\",\"target\":{\"@type\":\"EntryPoint\",\"urlTemplate\":\"https:\\\/\\\/comprenautica.com.br\\\/blog\\\/?s={search_term_string}\"},\"query-input\":{\"@type\":\"PropertyValueSpecification\",\"valueRequired\":true,\"valueName\":\"search_term_string\"}}],\"inLanguage\":\"pt-BR\"},{\"@type\":\"Organization\",\"@id\":\"https:\\\/\\\/comprenautica.com.br\\\/blog\\\/#organization\",\"name\":\"Fique por dentro das principais not\u00edcias n\u00e1uticas | Compre N\u00e1utica\",\"url\":\"https:\\\/\\\/comprenautica.com.br\\\/blog\\\/\",\"logo\":{\"@type\":\"ImageObject\",\"inLanguage\":\"pt-BR\",\"@id\":\"https:\\\/\\\/comprenautica.com.br\\\/blog\\\/#\\\/schema\\\/logo\\\/image\\\/\",\"url\":\"https:\\\/\\\/comprenautica.com.br\\\/blog\\\/wp-content\\\/uploads\\\/2025\\\/12\\\/V.1.png\",\"contentUrl\":\"https:\\\/\\\/comprenautica.com.br\\\/blog\\\/wp-content\\\/uploads\\\/2025\\\/12\\\/V.1.png\",\"width\":1085,\"height\":177,\"caption\":\"Fique por dentro das principais not\u00edcias n\u00e1uticas | Compre N\u00e1utica\"},\"image\":{\"@id\":\"https:\\\/\\\/comprenautica.com.br\\\/blog\\\/#\\\/schema\\\/logo\\\/image\\\/\"}},{\"@type\":\"Person\",\"@id\":\"https:\\\/\\\/comprenautica.com.br\\\/blog\\\/#\\\/schema\\\/person\\\/4738c9b8bd76b4087e156c7ed165bba0\",\"name\":\"Carolina Piazentin\",\"image\":{\"@type\":\"ImageObject\",\"inLanguage\":\"pt-BR\",\"@id\":\"https:\\\/\\\/secure.gravatar.com\\\/avatar\\\/b447e1d5e2c2ff9eef0304b29cfecf819130250c516b0302d2ef755be72a573d?s=96&d=mm&r=g\",\"url\":\"https:\\\/\\\/secure.gravatar.com\\\/avatar\\\/b447e1d5e2c2ff9eef0304b29cfecf819130250c516b0302d2ef755be72a573d?s=96&d=mm&r=g\",\"contentUrl\":\"https:\\\/\\\/secure.gravatar.com\\\/avatar\\\/b447e1d5e2c2ff9eef0304b29cfecf819130250c516b0302d2ef755be72a573d?s=96&d=mm&r=g\",\"caption\":\"Carolina Piazentin\"},\"url\":\"https:\\\/\\\/comprenautica.com.br\\\/blog\\\/author\\\/caroline-piazentin\\\/\"}]}<\/script>\n<!-- \/ Yoast SEO plugin. -->","yoast_head_json":{"title":"Navio medieval \u00e9 encontrado no teto de por\u00e3o na Alemanha e revela t\u00e9cnicas da engenharia naval - Fique por dentro das principais not\u00edcias n\u00e1uticas | Compre N\u00e1utica","description":"Navio medieval foi encontrado no teto de um por\u00e3o na Alemanha. Casco com 19 t\u00e1buas revela t\u00e9cnicas da engenharia naval do s\u00e9culo 13.","robots":{"index":"index","follow":"follow","max-snippet":"max-snippet:-1","max-image-preview":"max-image-preview:large","max-video-preview":"max-video-preview:-1"},"canonical":"https:\/\/comprenautica.com.br\/blog\/navio-medieval-encontrado-teto-porao-alemanha\/","og_locale":"pt_BR","og_type":"article","og_title":"Navio medieval \u00e9 encontrado no teto de por\u00e3o na Alemanha e revela t\u00e9cnicas da engenharia naval - Fique por dentro das principais not\u00edcias n\u00e1uticas | Compre N\u00e1utica","og_description":"Navio medieval foi encontrado no teto de um por\u00e3o na Alemanha. Casco com 19 t\u00e1buas revela t\u00e9cnicas da engenharia naval do s\u00e9culo 13.","og_url":"https:\/\/comprenautica.com.br\/blog\/navio-medieval-encontrado-teto-porao-alemanha\/","og_site_name":"Fique por dentro das principais not\u00edcias n\u00e1uticas | Compre N\u00e1utica","article_published_time":"2026-09-04T06:18:00+00:00","og_image":[{"width":1600,"height":900,"url":"https:\/\/comprenautica.com.br\/blog\/wp-content\/uploads\/2026\/08\/pesquisador-registra-navio-medieval-casco-alemanha.webp.webp","type":"image\/webp"}],"author":"Carolina Piazentin","twitter_card":"summary_large_image","twitter_misc":{"Escrito por":"Carolina Piazentin","Est. tempo de leitura":"7 minutos"},"schema":{"@context":"https:\/\/schema.org","@graph":[{"@type":"Article","@id":"https:\/\/comprenautica.com.br\/blog\/navio-medieval-encontrado-teto-porao-alemanha\/#article","isPartOf":{"@id":"https:\/\/comprenautica.com.br\/blog\/navio-medieval-encontrado-teto-porao-alemanha\/"},"author":{"name":"Carolina Piazentin","@id":"https:\/\/comprenautica.com.br\/blog\/#\/schema\/person\/4738c9b8bd76b4087e156c7ed165bba0"},"headline":"Navio medieval \u00e9 encontrado no teto de por\u00e3o na Alemanha e revela t\u00e9cnicas da engenharia naval","datePublished":"2026-09-04T06:18:00+00:00","mainEntityOfPage":{"@id":"https:\/\/comprenautica.com.br\/blog\/navio-medieval-encontrado-teto-porao-alemanha\/"},"wordCount":1070,"commentCount":0,"publisher":{"@id":"https:\/\/comprenautica.com.br\/blog\/#organization"},"image":{"@id":"https:\/\/comprenautica.com.br\/blog\/navio-medieval-encontrado-teto-porao-alemanha\/#primaryimage"},"thumbnailUrl":"https:\/\/comprenautica.com.br\/blog\/wp-content\/uploads\/2026\/08\/pesquisador-registra-navio-medieval-casco-alemanha.webp.webp","keywords":["embarca\u00e7\u00e3o medieval","engenharia naval","Navio Alemanha","navio medieval"],"articleSection":["Curiosidades","Not\u00edcias"],"inLanguage":"pt-BR","potentialAction":[{"@type":"CommentAction","name":"Comment","target":["https:\/\/comprenautica.com.br\/blog\/navio-medieval-encontrado-teto-porao-alemanha\/#respond"]}]},{"@type":"WebPage","@id":"https:\/\/comprenautica.com.br\/blog\/navio-medieval-encontrado-teto-porao-alemanha\/","url":"https:\/\/comprenautica.com.br\/blog\/navio-medieval-encontrado-teto-porao-alemanha\/","name":"Navio medieval \u00e9 encontrado no teto de por\u00e3o na Alemanha e revela t\u00e9cnicas da engenharia naval - Fique por dentro das principais not\u00edcias n\u00e1uticas | Compre N\u00e1utica","isPartOf":{"@id":"https:\/\/comprenautica.com.br\/blog\/#website"},"primaryImageOfPage":{"@id":"https:\/\/comprenautica.com.br\/blog\/navio-medieval-encontrado-teto-porao-alemanha\/#primaryimage"},"image":{"@id":"https:\/\/comprenautica.com.br\/blog\/navio-medieval-encontrado-teto-porao-alemanha\/#primaryimage"},"thumbnailUrl":"https:\/\/comprenautica.com.br\/blog\/wp-content\/uploads\/2026\/08\/pesquisador-registra-navio-medieval-casco-alemanha.webp.webp","datePublished":"2026-09-04T06:18:00+00:00","description":"Navio medieval foi encontrado no teto de um por\u00e3o na Alemanha. Casco com 19 t\u00e1buas revela t\u00e9cnicas da engenharia naval do s\u00e9culo 13.","breadcrumb":{"@id":"https:\/\/comprenautica.com.br\/blog\/navio-medieval-encontrado-teto-porao-alemanha\/#breadcrumb"},"inLanguage":"pt-BR","potentialAction":[{"@type":"ReadAction","target":["https:\/\/comprenautica.com.br\/blog\/navio-medieval-encontrado-teto-porao-alemanha\/"]}]},{"@type":"ImageObject","inLanguage":"pt-BR","@id":"https:\/\/comprenautica.com.br\/blog\/navio-medieval-encontrado-teto-porao-alemanha\/#primaryimage","url":"https:\/\/comprenautica.com.br\/blog\/wp-content\/uploads\/2026\/08\/pesquisador-registra-navio-medieval-casco-alemanha.webp.webp","contentUrl":"https:\/\/comprenautica.com.br\/blog\/wp-content\/uploads\/2026\/08\/pesquisador-registra-navio-medieval-casco-alemanha.webp.webp","width":1600,"height":900,"caption":"Pesquisador fotografa estrutura de navio medieval preservada no teto de um por\u00e3o na Alemanha."},{"@type":"BreadcrumbList","@id":"https:\/\/comprenautica.com.br\/blog\/navio-medieval-encontrado-teto-porao-alemanha\/#breadcrumb","itemListElement":[{"@type":"ListItem","position":1,"name":"In\u00edcio","item":"https:\/\/comprenautica.com.br\/blog\/"},{"@type":"ListItem","position":2,"name":"Navio medieval \u00e9 encontrado no teto de por\u00e3o na Alemanha e revela t\u00e9cnicas da engenharia naval"}]},{"@type":"WebSite","@id":"https:\/\/comprenautica.com.br\/blog\/#website","url":"https:\/\/comprenautica.com.br\/blog\/","name":"Fique por dentro das principais not\u00edcias n\u00e1uticas | Compre N\u00e1utica","description":"Fique por dentro do melhor do mundo n\u00e1utico com o BLOG Compre N\u00e1utica. S\u00e3o noticias, informa\u00e7\u00f5es do mercado e da marinha, dicas, ensinamentos, historias reais e muitaaaa n\u00e1utica. Vem conferir!","publisher":{"@id":"https:\/\/comprenautica.com.br\/blog\/#organization"},"potentialAction":[{"@type":"SearchAction","target":{"@type":"EntryPoint","urlTemplate":"https:\/\/comprenautica.com.br\/blog\/?s={search_term_string}"},"query-input":{"@type":"PropertyValueSpecification","valueRequired":true,"valueName":"search_term_string"}}],"inLanguage":"pt-BR"},{"@type":"Organization","@id":"https:\/\/comprenautica.com.br\/blog\/#organization","name":"Fique por dentro das principais not\u00edcias n\u00e1uticas | Compre N\u00e1utica","url":"https:\/\/comprenautica.com.br\/blog\/","logo":{"@type":"ImageObject","inLanguage":"pt-BR","@id":"https:\/\/comprenautica.com.br\/blog\/#\/schema\/logo\/image\/","url":"https:\/\/comprenautica.com.br\/blog\/wp-content\/uploads\/2025\/12\/V.1.png","contentUrl":"https:\/\/comprenautica.com.br\/blog\/wp-content\/uploads\/2025\/12\/V.1.png","width":1085,"height":177,"caption":"Fique por dentro das principais not\u00edcias n\u00e1uticas | Compre N\u00e1utica"},"image":{"@id":"https:\/\/comprenautica.com.br\/blog\/#\/schema\/logo\/image\/"}},{"@type":"Person","@id":"https:\/\/comprenautica.com.br\/blog\/#\/schema\/person\/4738c9b8bd76b4087e156c7ed165bba0","name":"Carolina Piazentin","image":{"@type":"ImageObject","inLanguage":"pt-BR","@id":"https:\/\/secure.gravatar.com\/avatar\/b447e1d5e2c2ff9eef0304b29cfecf819130250c516b0302d2ef755be72a573d?s=96&d=mm&r=g","url":"https:\/\/secure.gravatar.com\/avatar\/b447e1d5e2c2ff9eef0304b29cfecf819130250c516b0302d2ef755be72a573d?s=96&d=mm&r=g","contentUrl":"https:\/\/secure.gravatar.com\/avatar\/b447e1d5e2c2ff9eef0304b29cfecf819130250c516b0302d2ef755be72a573d?s=96&d=mm&r=g","caption":"Carolina Piazentin"},"url":"https:\/\/comprenautica.com.br\/blog\/author\/caroline-piazentin\/"}]}},"_links":{"self":[{"href":"https:\/\/comprenautica.com.br\/blog\/wp-json\/wp\/v2\/posts\/9049","targetHints":{"allow":["GET"]}}],"collection":[{"href":"https:\/\/comprenautica.com.br\/blog\/wp-json\/wp\/v2\/posts"}],"about":[{"href":"https:\/\/comprenautica.com.br\/blog\/wp-json\/wp\/v2\/types\/post"}],"author":[{"embeddable":true,"href":"https:\/\/comprenautica.com.br\/blog\/wp-json\/wp\/v2\/users\/2"}],"replies":[{"embeddable":true,"href":"https:\/\/comprenautica.com.br\/blog\/wp-json\/wp\/v2\/comments?post=9049"}],"version-history":[{"count":2,"href":"https:\/\/comprenautica.com.br\/blog\/wp-json\/wp\/v2\/posts\/9049\/revisions"}],"predecessor-version":[{"id":9055,"href":"https:\/\/comprenautica.com.br\/blog\/wp-json\/wp\/v2\/posts\/9049\/revisions\/9055"}],"wp:featuredmedia":[{"embeddable":true,"href":"https:\/\/comprenautica.com.br\/blog\/wp-json\/wp\/v2\/media\/9052"}],"wp:attachment":[{"href":"https:\/\/comprenautica.com.br\/blog\/wp-json\/wp\/v2\/media?parent=9049"}],"wp:term":[{"taxonomy":"category","embeddable":true,"href":"https:\/\/comprenautica.com.br\/blog\/wp-json\/wp\/v2\/categories?post=9049"},{"taxonomy":"post_tag","embeddable":true,"href":"https:\/\/comprenautica.com.br\/blog\/wp-json\/wp\/v2\/tags?post=9049"}],"curies":[{"name":"wp","href":"https:\/\/api.w.org\/{rel}","templated":true}]}}